{"id":2050,"date":"2025-08-10T17:09:00","date_gmt":"2025-08-10T21:09:00","guid":{"rendered":"https:\/\/fipe.caceres.mt.gov.br\/?p=2050"},"modified":"2025-08-22T17:09:49","modified_gmt":"2025-08-22T21:09:49","slug":"multidao-prestigia-a-emocionante-largada-da-pesca-embarcada-motorizada-no-42o-fipe","status":"publish","type":"post","link":"https:\/\/fipe.caceres.mt.gov.br\/?p=2050","title":{"rendered":"Multid\u00e3o prestigia a emocionante largada da pesca embarcada motorizada no 42\u00ba FIPe"},"content":{"rendered":"\n<p><a href=\"https:\/\/www.addtoany.com\/share#url=https%3A%2F%2Fwww.caceres.mt.gov.br%2FNoticias%2FMultidao-prestigia-a-emocionante-largada-da-pesca-embarcada-motorizada-no-42-fipe-10530%2F&amp;title=Multid%C3%A3o%20prestigia%20a%20emocionante%20largada%20da%20pesca%20embarcada%20motorizada%20no%2042%C2%BA%20FIPe%20-%20Prefeitura%20Municipal%20de%20C%C3%A1ceres\"><\/a><\/p>\n\n\n\n<p>O amanhecer deste domingo (10) trouxe um espet\u00e1culo que s\u00f3 C\u00e1ceres sabe oferecer. No \u00faltimo dia do 42\u00ba Festival Internacional de Pesca Esportiva, milhares de pessoas, entre moradores e turistas, se espalharam pela Orla da Ba\u00eda, escadarias do cais, ruas e cal\u00e7adas, janelas, portas, praias e at\u00e9 a ponte Marechal Rondon para testemunhar a largada da t\u00e3o aguardada prova de pesca embarcada motorizada.<\/p>\n\n\n\n<p>\u00c0s 8 horas, o sil\u00eancio da expectativa deu lugar ao som vibrante das buzinas e motores. Antes da largada o cerimonial cumpriu os protocolos, na sequ\u00eancia o juramento foi feito pelo pescador esportivo, vereador Alex Leal, e a partir da\u00ed o in\u00edcio de um verdadeiro bal\u00e9 sobre as \u00e1guas do Rio Paraguai, onde 225 embarca\u00e7\u00f5es, reunidas desde as primeiras horas na Praia do Daveron e na mini praia, partiram em um colorido desfile que misturava adrenalina, esp\u00edrito esportivo e compromisso com a preserva\u00e7\u00e3o ambiental.<\/p>\n\n\n\n<p>O cen\u00e1rio foi digno de cart\u00e3o-postal, &nbsp;barcos cortando a superf\u00edcie do rio, bandeiras tremulando e o reflexo das cores da pesca esportiva enchendo de vida a paisagem. Mais do que uma competi\u00e7\u00e3o pelo pr\u00eamio de R$ 60 mil para o primeiro colocado, e outros atrativos at\u00e9 o 5\u00ba lugar como motores e barcos, o momento representou uni\u00e3o, tradi\u00e7\u00e3o e respeito \u00e0 natureza.<\/p>\n\n\n\n<p>Autoridades municipais, estaduais e federais marcaram presen\u00e7a, entre elas a prefeita Eliene Liberato Dias, o vice-governador Otaviano Piveta, a secret\u00e1ria de Turismo e Cultura Alessandra Castilho, representantes pol\u00edticos, civis e militares. Durante o cerimonial, cada largada era anunciada por um sinal sonoro, marcando cap\u00edtulos inesquec\u00edveis na hist\u00f3ria do maior festival de pesca esportiva do Brasil.<\/p>\n\n\n\n<p>\u201cMais uma vez, o FIPe cumpriu seu papel de conscientizar os amantes da pesca sobre a import\u00e2ncia da pr\u00e1tica esportiva sustent\u00e1vel. Avan\u00e7amos a cada edi\u00e7\u00e3o para reduzir ao m\u00e1ximo o impacto ambiental. Agrade\u00e7o \u00e0s 225 embarca\u00e7\u00f5es inscritas, que engrandeceram a prova motorizada, e a todos os parceiros, patrocinadores, apoiadores e volunt\u00e1rios que fazem deste evento um orgulho para C\u00e1ceres\u201d, destacou a prefeita.<\/p>\n\n\n\n<p>Ap\u00f3s o posicionamento das equipes na raia de pesca, pr\u00f3xima \u00e0 Ba\u00eda da Palha, o coordenador de arbitragem, Claudionor Duarte Correia, autorizou o in\u00edcio oficial da prova. A partir dali, cada pescador escreveu sua pr\u00f3pria hist\u00f3ria no rio, em busca n\u00e3o apenas de trof\u00e9us, mas de mem\u00f3rias que permanecem vivas por toda a vida.<\/p>\n\n\n\n<p>Entre os presentes, estiveram o representante do Minist\u00e9rio da Pesca, Paulo Ferreira, o secret\u00e1rio de Estado Dr. Leonardo, os deputados estaduais J\u00falio Campos, Valmir Moretto e Valden\u00edria Dutra, al\u00e9m de lideran\u00e7as militares, vereadores e a Musa da Pesca, Gaby Catellan.<\/p>\n\n\n\n<p>De acordo com a secret\u00e1ria Alessandra Castilho, O 42\u00ba FIPe mostrou mais uma vez que \u00e9 muito mais do que um festival, \u00e9 um encontro de paix\u00f5es, cultura e amor pelo Rio Paraguai.<\/p>\n\n\n\n<p>Ap\u00f3s a largada as autoridades se dirigiram a raia de pesca para acompanhar de perto as emo\u00e7\u00f5es das capturas e solturas dos peixes ao rio Paraguai.<\/p>\n\n\n\n<p><strong>Esdras Crepaldi \/ DRT 940 MT<\/strong><\/p>\n","protected":false},"excerpt":{"rendered":"<p>O amanhecer deste domingo (10) trouxe um espet\u00e1culo que s\u00f3 C\u00e1ceres sabe oferecer. No \u00faltimo dia do 42\u00ba Festival Internacional de Pesca Esportiva, milhares de pessoas, entre moradores e turistas, se espalharam pela Orla da Ba\u00eda, escadarias do cais, ruas e cal\u00e7adas, janelas, portas, praias e at\u00e9 a ponte Marechal Rondon para testemunhar a largada [&hellip;]<\/p>\n","protected":false},"author":1,"featured_media":2051,"comment_status":"open","ping_status":"open","sticky":false,"template":"","format":"standard","meta":{"footnotes":""},"categories":[1],"tags":[],"class_list":["post-2050","post","type-post","status-publish","format-standard","has-post-thumbnail","hentry","category-sem-categoria"],"blocksy_meta":[],"_links":{"self":[{"href":"https:\/\/fipe.caceres.mt.gov.br\/index.php?rest_route=\/wp\/v2\/posts\/2050","targetHints":{"allow":["GET"]}}],"collection":[{"href":"https:\/\/fipe.caceres.mt.gov.br\/index.php?rest_route=\/wp\/v2\/posts"}],"about":[{"href":"https:\/\/fipe.caceres.mt.gov.br\/index.php?rest_route=\/wp\/v2\/types\/post"}],"author":[{"embeddable":true,"href":"https:\/\/fipe.caceres.mt.gov.br\/index.php?rest_route=\/wp\/v2\/users\/1"}],"replies":[{"embeddable":true,"href":"https:\/\/fipe.caceres.mt.gov.br\/index.php?rest_route=%2Fwp%2Fv2%2Fcomments&post=2050"}],"version-history":[{"count":1,"href":"https:\/\/fipe.caceres.mt.gov.br\/index.php?rest_route=\/wp\/v2\/posts\/2050\/revisions"}],"predecessor-version":[{"id":2052,"href":"https:\/\/fipe.caceres.mt.gov.br\/index.php?rest_route=\/wp\/v2\/posts\/2050\/revisions\/2052"}],"wp:featuredmedia":[{"embeddable":true,"href":"https:\/\/fipe.caceres.mt.gov.br\/index.php?rest_route=\/wp\/v2\/media\/2051"}],"wp:attachment":[{"href":"https:\/\/fipe.caceres.mt.gov.br\/index.php?rest_route=%2Fwp%2Fv2%2Fmedia&parent=2050"}],"wp:term":[{"taxonomy":"category","embeddable":true,"href":"https:\/\/fipe.caceres.mt.gov.br\/index.php?rest_route=%2Fwp%2Fv2%2Fcategories&post=2050"},{"taxonomy":"post_tag","embeddable":true,"href":"https:\/\/fipe.caceres.mt.gov.br\/index.php?rest_route=%2Fwp%2Fv2%2Ftags&post=2050"}],"curies":[{"name":"wp","href":"https:\/\/api.w.org\/{rel}","templated":true}]}}