{"id":2032,"date":"2025-08-08T20:58:00","date_gmt":"2025-08-09T00:58:00","guid":{"rendered":"https:\/\/fipe.caceres.mt.gov.br\/?p=2032"},"modified":"2025-08-22T16:59:22","modified_gmt":"2025-08-22T20:59:22","slug":"categoria-juvenil-conhece-seus-campeoes-no-42o-fipe","status":"publish","type":"post","link":"https:\/\/fipe.caceres.mt.gov.br\/?p=2032","title":{"rendered":"Categoria Juvenil conhece seus campe\u00f5es no 42\u00ba FIPe"},"content":{"rendered":"\n<p><a href=\"https:\/\/www.addtoany.com\/share#url=https%3A%2F%2Fwww.caceres.mt.gov.br%2FNoticias%2FCategoria-juvenil-conhece-seus-campeoes-no-42-fipe-10521%2F&amp;title=Categoria%20Juvenil%20conhece%20seus%20campe%C3%B5es%20no%2042%C2%BA%20FIPe%20-%20Prefeitura%20Municipal%20de%20C%C3%A1ceres\"><\/a><\/p>\n\n\n\n<p>Uma tarde de muita emo\u00e7\u00e3o, torcida e expectativa marcou as disputas da Categoria Juvenil do 42\u00ba Festival Internacional de Pesca Esportiva de C\u00e1ceres (FIPe). Ao todo, 700 crian\u00e7as de at\u00e9 12 anos, pescadores e pescadoras se reuniram \u00e0s margens do rio Paraguai para celebrar a piscosidade da regi\u00e3o e mostrar talento, t\u00e9cnica e paix\u00e3o pela pesca esportiva.<\/p>\n\n\n\n<p>As provas foram divididas em duas baterias e, al\u00e9m da disputa por trof\u00e9us, que estampam obras do artista pl\u00e1stico e artes\u00e3o Carlinhos Viana, os competidores concorreram a pr\u00eamios especiais, oito bicicletas, oferecidas pela Farm\u00e1cia Economize, e quatro celulares, patrocinados pela Negr\u00e3o Auto Center.<\/p>\n\n\n\n<p>Ap\u00f3s tr\u00eas horas de pescaria inclusiva e vibrante, os campe\u00f5es e campe\u00e3s foram conhecidos. No masculino, o destaque foi Siderley Silva Almeida, que somou 1.860 pontos e conquistou o trof\u00e9u, uma bicicleta e um celular. No feminino, Eduarda da Silva Gon\u00e7alves brilhou com 650 pontos, garantindo o primeiro lugar, um aparelho celular e uma das bicicletas da competi\u00e7\u00e3o.<\/p>\n\n\n\n<p>Para Jo\u00e3o Pablo, representante da Farm\u00e1cia Economize, patrocinar a prova juvenil \u00e9 investir no futuro da pesca esportiva.<br>&#8220;Acreditamos que incentivar os jovens a participar de eventos como este \u00e9 fortalecer a tradi\u00e7\u00e3o e promover a consci\u00eancia ambiental.&#8221;<\/p>\n\n\n\n<p>J\u00e1 a equipe da Negr\u00e3o Auto Center destacou que a parceria com o FIPe \u00e9 motivo de orgulho.<br>&#8220;N\u00e3o poder\u00edamos ficar de fora de uma competi\u00e7\u00e3o que envolve fam\u00edlias, lazer e preserva\u00e7\u00e3o da natureza.&#8221;<\/p>\n\n\n\n<p>A secret\u00e1ria de Turismo e Cultura, Alessandra Silva, agradeceu aos patrocinadores e parceiros, ressaltando o sucesso das disputas na orla.<br>&#8220;As provas de pesca de praia foram um sucesso absoluto, com grande participa\u00e7\u00e3o e alegria do p\u00fablico.&#8221;<\/p>\n\n\n\n<p><strong>Classifica\u00e7\u00e3o final<\/strong><\/p>\n\n\n\n<p><strong>Feminino<\/strong><br>1\u00ba \u2013 Eduarda da Silva Gon\u00e7alves \u2013 650 pontos<br>2\u00ba \u2013 Pietra Correa Rocha \u2013 600 pontos<br>3\u00ba \u2013 Melissa Oliveira Barreto \u2013 480 pontos<br>4\u00ba \u2013 Sofia La\u00eds da Costa Marques \u2013 450 pontos<br>5\u00ba \u2013 Bruna Garcia Rodrigues \u2013 440 pontos<\/p>\n\n\n\n<p><strong>Masculino<\/strong><br>1\u00ba \u2013 Siderley Silva Almeida \u2013 1.860 pontos<br>2\u00ba \u2013 Emanoel Adv\u00edncula da Silva \u2013 1.160 pontos<br>3\u00ba \u2013 J\u00falio C\u00e9sar Ortiz de Sousa \u2013 870 pontos<br>4\u00ba \u2013 Allan David Arruda Buck \u2013 750 pontos<br>5\u00ba \u2013 Luiz Henrique Santos Alves \u2013 740 pontos<\/p>\n\n\n\n<p><strong>Esdras Crepaldi \/ Fipe<\/strong><\/p>\n","protected":false},"excerpt":{"rendered":"<p>Uma tarde de muita emo\u00e7\u00e3o, torcida e expectativa marcou as disputas da Categoria Juvenil do 42\u00ba Festival Internacional de Pesca Esportiva de C\u00e1ceres (FIPe). Ao todo, 700 crian\u00e7as de at\u00e9 12 anos, pescadores e pescadoras se reuniram \u00e0s margens do rio Paraguai para celebrar a piscosidade da regi\u00e3o e mostrar talento, t\u00e9cnica e paix\u00e3o pela [&hellip;]<\/p>\n","protected":false},"author":1,"featured_media":2033,"comment_status":"open","ping_status":"open","sticky":false,"template":"","format":"standard","meta":{"footnotes":""},"categories":[1],"tags":[],"class_list":["post-2032","post","type-post","status-publish","format-standard","has-post-thumbnail","hentry","category-sem-categoria"],"blocksy_meta":[],"_links":{"self":[{"href":"https:\/\/fipe.caceres.mt.gov.br\/index.php?rest_route=\/wp\/v2\/posts\/2032","targetHints":{"allow":["GET"]}}],"collection":[{"href":"https:\/\/fipe.caceres.mt.gov.br\/index.php?rest_route=\/wp\/v2\/posts"}],"about":[{"href":"https:\/\/fipe.caceres.mt.gov.br\/index.php?rest_route=\/wp\/v2\/types\/post"}],"author":[{"embeddable":true,"href":"https:\/\/fipe.caceres.mt.gov.br\/index.php?rest_route=\/wp\/v2\/users\/1"}],"replies":[{"embeddable":true,"href":"https:\/\/fipe.caceres.mt.gov.br\/index.php?rest_route=%2Fwp%2Fv2%2Fcomments&post=2032"}],"version-history":[{"count":1,"href":"https:\/\/fipe.caceres.mt.gov.br\/index.php?rest_route=\/wp\/v2\/posts\/2032\/revisions"}],"predecessor-version":[{"id":2034,"href":"https:\/\/fipe.caceres.mt.gov.br\/index.php?rest_route=\/wp\/v2\/posts\/2032\/revisions\/2034"}],"wp:featuredmedia":[{"embeddable":true,"href":"https:\/\/fipe.caceres.mt.gov.br\/index.php?rest_route=\/wp\/v2\/media\/2033"}],"wp:attachment":[{"href":"https:\/\/fipe.caceres.mt.gov.br\/index.php?rest_route=%2Fwp%2Fv2%2Fmedia&parent=2032"}],"wp:term":[{"taxonomy":"category","embeddable":true,"href":"https:\/\/fipe.caceres.mt.gov.br\/index.php?rest_route=%2Fwp%2Fv2%2Fcategories&post=2032"},{"taxonomy":"post_tag","embeddable":true,"href":"https:\/\/fipe.caceres.mt.gov.br\/index.php?rest_route=%2Fwp%2Fv2%2Ftags&post=2032"}],"curies":[{"name":"wp","href":"https:\/\/api.w.org\/{rel}","templated":true}]}}