{"id":2026,"date":"2025-08-08T17:56:00","date_gmt":"2025-08-08T21:56:00","guid":{"rendered":"https:\/\/fipe.caceres.mt.gov.br\/?p=2026"},"modified":"2025-08-22T16:57:58","modified_gmt":"2025-08-22T20:57:58","slug":"prova-juvenil-reune-700-criancas-na-praia-do-daveron-durante-o-42o-fipe","status":"publish","type":"post","link":"https:\/\/fipe.caceres.mt.gov.br\/?p=2026","title":{"rendered":"Prova Juvenil re\u00fane 700 crian\u00e7as na praia do Daveron durante o 42\u00ba FIPe"},"content":{"rendered":"\n<p><a href=\"https:\/\/www.addtoany.com\/share#url=https%3A%2F%2Fwww.caceres.mt.gov.br%2FNoticias%2FProva-juvenil-reune-700-criancas-na-praia-do-daveron-durante-o-42-fipe-10519%2F&amp;title=Prova%20Juvenil%20re%C3%BAne%20700%20crian%C3%A7as%20na%20praia%20do%20Daveron%20durante%20o%2042%C2%BA%20FIPe%20-%20Prefeitura%20Municipal%20de%20C%C3%A1ceres\"><\/a><\/p>\n\n\n\n<p>O quarto dia do 42\u00ba Festival Internacional de Pesca Esportiva de C\u00e1ceres (FIPe), realizado nesta sexta-feira (08), foi marcado pela tradicional prova de pesca de praia na categoria Juvenil, destinada a crian\u00e7as de 9 a 12 anos. A atividade voltou a movimentar as areias da praia do Daveron com muita alegria e aprendizado.<\/p>\n\n\n\n<p>Com entusiasmo, os pequenos pescadores viveram a experi\u00eancia de fisgar peixes e devolv\u00ea-los \u00e0 natureza, em uma pr\u00e1tica que une divers\u00e3o, educa\u00e7\u00e3o ambiental e respeito \u00e0 vida aqu\u00e1tica.<\/p>\n\n\n\n<p>\u201cPara eles, a emo\u00e7\u00e3o de soltar um peixe \u00e9 ainda maior do que pesc\u00e1-lo. \u00c9 a pedagogia da preserva\u00e7\u00e3o, a celebra\u00e7\u00e3o da vida\u201d, destacou a prefeita de C\u00e1ceres.<\/p>\n\n\n\n<p>Pelo terceiro ano consecutivo, a competi\u00e7\u00e3o foi organizada em duas baterias, com 350 crian\u00e7as em cada, garantindo seguran\u00e7a e melhor aproveitamento da atividade. De acordo com a secret\u00e1ria de Turismo e Cultura, Alessandra Castilho, a din\u00e2mica de pesagem e soltura ap\u00f3s a captura reflete o verdadeiro esp\u00edrito da pesca esportiva.<\/p>\n\n\n\n<p>\u201cPescar e soltar \u00e9 a pr\u00e1tica que expressa o amor ao esporte. \u00c9 valoriza\u00e7\u00e3o das esp\u00e9cies, \u00e9 pensar na sustentabilidade do nosso manancial pesqueiro para as futuras gera\u00e7\u00f5es\u201d, afirmou a secret\u00e1ria.<\/p>\n\n\n\n<p>Ela tamb\u00e9m agradeceu o apoio da comiss\u00e3o de arbitragem e das institui\u00e7\u00f5es parceiras que atuaram na realiza\u00e7\u00e3o da prova, como os fiscais do projeto Lobo Guar\u00e1, IFMT Campus C\u00e1ceres, Rotary, Coordena\u00e7\u00e3o de Res\u00edduos, &nbsp;Guarda Municipal, Marinha, Corpo de Bombeiros e Pol\u00edcia Militar. &#8220;E claro a Farm\u00e1cia Economize que doou 8 biciletas e Negra Auto Center que patrocinou 04 celulares&#8221;, concluiu.<\/p>\n\n\n\n<p><strong>Esdras Crepaldi \/ DRT 940<\/strong><\/p>\n","protected":false},"excerpt":{"rendered":"<p>O quarto dia do 42\u00ba Festival Internacional de Pesca Esportiva de C\u00e1ceres (FIPe), realizado nesta sexta-feira (08), foi marcado pela tradicional prova de pesca de praia na categoria Juvenil, destinada a crian\u00e7as de 9 a 12 anos. A atividade voltou a movimentar as areias da praia do Daveron com muita alegria e aprendizado. Com entusiasmo, [&hellip;]<\/p>\n","protected":false},"author":1,"featured_media":2027,"comment_status":"open","ping_status":"open","sticky":false,"template":"","format":"standard","meta":{"footnotes":""},"categories":[1],"tags":[],"class_list":["post-2026","post","type-post","status-publish","format-standard","has-post-thumbnail","hentry","category-sem-categoria"],"blocksy_meta":[],"_links":{"self":[{"href":"https:\/\/fipe.caceres.mt.gov.br\/index.php?rest_route=\/wp\/v2\/posts\/2026","targetHints":{"allow":["GET"]}}],"collection":[{"href":"https:\/\/fipe.caceres.mt.gov.br\/index.php?rest_route=\/wp\/v2\/posts"}],"about":[{"href":"https:\/\/fipe.caceres.mt.gov.br\/index.php?rest_route=\/wp\/v2\/types\/post"}],"author":[{"embeddable":true,"href":"https:\/\/fipe.caceres.mt.gov.br\/index.php?rest_route=\/wp\/v2\/users\/1"}],"replies":[{"embeddable":true,"href":"https:\/\/fipe.caceres.mt.gov.br\/index.php?rest_route=%2Fwp%2Fv2%2Fcomments&post=2026"}],"version-history":[{"count":1,"href":"https:\/\/fipe.caceres.mt.gov.br\/index.php?rest_route=\/wp\/v2\/posts\/2026\/revisions"}],"predecessor-version":[{"id":2028,"href":"https:\/\/fipe.caceres.mt.gov.br\/index.php?rest_route=\/wp\/v2\/posts\/2026\/revisions\/2028"}],"wp:featuredmedia":[{"embeddable":true,"href":"https:\/\/fipe.caceres.mt.gov.br\/index.php?rest_route=\/wp\/v2\/media\/2027"}],"wp:attachment":[{"href":"https:\/\/fipe.caceres.mt.gov.br\/index.php?rest_route=%2Fwp%2Fv2%2Fmedia&parent=2026"}],"wp:term":[{"taxonomy":"category","embeddable":true,"href":"https:\/\/fipe.caceres.mt.gov.br\/index.php?rest_route=%2Fwp%2Fv2%2Fcategories&post=2026"},{"taxonomy":"post_tag","embeddable":true,"href":"https:\/\/fipe.caceres.mt.gov.br\/index.php?rest_route=%2Fwp%2Fv2%2Ftags&post=2026"}],"curies":[{"name":"wp","href":"https:\/\/api.w.org\/{rel}","templated":true}]}}