{"id":2020,"date":"2025-08-08T16:25:00","date_gmt":"2025-08-08T20:25:00","guid":{"rendered":"https:\/\/fipe.caceres.mt.gov.br\/?p=2020"},"modified":"2025-08-22T16:27:06","modified_gmt":"2025-08-22T20:27:06","slug":"criancas-lancam-suas-iscas-e-colorem-a-baia-de-caceres-no-42o-fipe","status":"publish","type":"post","link":"https:\/\/fipe.caceres.mt.gov.br\/?p=2020","title":{"rendered":"Crian\u00e7as lan\u00e7am suas iscas e colorem a Ba\u00eda de C\u00e1ceres no 42\u00ba FIPe"},"content":{"rendered":"\n<p><a href=\"https:\/\/www.addtoany.com\/share#url=https%3A%2F%2Fwww.caceres.mt.gov.br%2FNoticias%2FCriancas-lancam-suas-iscas-e-colorem-a-baia-de-caceres-no-42-fipe-10515%2F&amp;title=Crian%C3%A7as%20lan%C3%A7am%20suas%20iscas%20e%20colorem%20a%20Ba%C3%ADa%20de%20C%C3%A1ceres%20no%2042%C2%BA%20FIPe%20-%20Prefeitura%20Municipal%20de%20C%C3%A1ceres\"><\/a><\/p>\n\n\n\n<p>C\u00e1ceres, a encantadora Princesinha do Rio Paraguai, mais uma vez respira poesia e pescaria, uma rima perfeita que traduz a alma do maior evento tur\u00edstico de Mato Grosso e o maior festival de pesca do Brasil, o Festival Internacional de Pesca Esportiva \u2013 FIPe, que chega \u00e0 sua 42\u00aa edi\u00e7\u00e3o em 2025.<\/p>\n\n\n\n<p>Na manh\u00e3 desta sexta-feira (08\/08), cerca de 700 crian\u00e7as participaram da prova infantil e deram um colorido especial \u00e0s areias da Praia do Daveron. Um verdadeiro ex\u00e9rcito mirim tomou conta da orla, desfilando inoc\u00eancia e deixando transbordar a ansiedade e a alegria estampadas no rosto.<\/p>\n\n\n\n<p>No per\u00edodo matutino, a prova foi dedicada \u00e0s crian\u00e7as de 6 a 8 anos. J\u00e1 no per\u00edodo vespertino, ser\u00e1 a vez da categoria juvenil, com crian\u00e7as de 9 a 12 anos lan\u00e7ando suas varas e jogando suas iscas na Ba\u00eda de C\u00e1ceres, local da tradicional competi\u00e7\u00e3o de pesca esportiva de barranco.<\/p>\n\n\n\n<p>A prefeita Eliene Liberato Dias fez quest\u00e3o de recepcionar cada pequeno participante na escadaria de acesso ao rio, celebrando com eles o esp\u00edrito do evento.<\/p>\n\n\n\n<p>Para Eliene, a pesca infantojuvenil tem um significado especial. \u201c\u00c9 nesse momento que as crian\u00e7as aprendem que soltar \u00e9 muito melhor do que fisgar. Sentem a emo\u00e7\u00e3o de devolver os peixes ao rio, entendendo o valor da preserva\u00e7\u00e3o\u201d, destacou a prefeita. \u201cO FIPe \u00e9 um festival de pesca ecol\u00f3gica, que respeita as esp\u00e9cies e ensina, desde cedo, a import\u00e2ncia da educa\u00e7\u00e3o ambiental.\u201d<\/p>\n\n\n\n<p>A secret\u00e1ria de Turismo, Alessandra Castilho, tamb\u00e9m acompanhou a movimenta\u00e7\u00e3o e refor\u00e7ou o entusiasmo com a participa\u00e7\u00e3o infantil. Para esta edi\u00e7\u00e3o, foram disponibilizadas 1.400 vagas para as provas das categorias infantil (700) e juvenil (700).<\/p>\n\n\n\n<p><strong>Esdras Crepaldi \/ &nbsp;FIPe<\/strong><\/p>\n","protected":false},"excerpt":{"rendered":"<p>C\u00e1ceres, a encantadora Princesinha do Rio Paraguai, mais uma vez respira poesia e pescaria, uma rima perfeita que traduz a alma do maior evento tur\u00edstico de Mato Grosso e o maior festival de pesca do Brasil, o Festival Internacional de Pesca Esportiva \u2013 FIPe, que chega \u00e0 sua 42\u00aa edi\u00e7\u00e3o em 2025. Na manh\u00e3 desta [&hellip;]<\/p>\n","protected":false},"author":1,"featured_media":2021,"comment_status":"open","ping_status":"open","sticky":false,"template":"","format":"standard","meta":{"footnotes":""},"categories":[1],"tags":[],"class_list":["post-2020","post","type-post","status-publish","format-standard","has-post-thumbnail","hentry","category-sem-categoria"],"blocksy_meta":[],"_links":{"self":[{"href":"https:\/\/fipe.caceres.mt.gov.br\/index.php?rest_route=\/wp\/v2\/posts\/2020","targetHints":{"allow":["GET"]}}],"collection":[{"href":"https:\/\/fipe.caceres.mt.gov.br\/index.php?rest_route=\/wp\/v2\/posts"}],"about":[{"href":"https:\/\/fipe.caceres.mt.gov.br\/index.php?rest_route=\/wp\/v2\/types\/post"}],"author":[{"embeddable":true,"href":"https:\/\/fipe.caceres.mt.gov.br\/index.php?rest_route=\/wp\/v2\/users\/1"}],"replies":[{"embeddable":true,"href":"https:\/\/fipe.caceres.mt.gov.br\/index.php?rest_route=%2Fwp%2Fv2%2Fcomments&post=2020"}],"version-history":[{"count":1,"href":"https:\/\/fipe.caceres.mt.gov.br\/index.php?rest_route=\/wp\/v2\/posts\/2020\/revisions"}],"predecessor-version":[{"id":2022,"href":"https:\/\/fipe.caceres.mt.gov.br\/index.php?rest_route=\/wp\/v2\/posts\/2020\/revisions\/2022"}],"wp:featuredmedia":[{"embeddable":true,"href":"https:\/\/fipe.caceres.mt.gov.br\/index.php?rest_route=\/wp\/v2\/media\/2021"}],"wp:attachment":[{"href":"https:\/\/fipe.caceres.mt.gov.br\/index.php?rest_route=%2Fwp%2Fv2%2Fmedia&parent=2020"}],"wp:term":[{"taxonomy":"category","embeddable":true,"href":"https:\/\/fipe.caceres.mt.gov.br\/index.php?rest_route=%2Fwp%2Fv2%2Fcategories&post=2020"},{"taxonomy":"post_tag","embeddable":true,"href":"https:\/\/fipe.caceres.mt.gov.br\/index.php?rest_route=%2Fwp%2Fv2%2Ftags&post=2020"}],"curies":[{"name":"wp","href":"https:\/\/api.w.org\/{rel}","templated":true}]}}