{"id":1998,"date":"2025-08-06T17:21:54","date_gmt":"2025-08-06T21:21:54","guid":{"rendered":"https:\/\/fipe.caceres.mt.gov.br\/?p=1998"},"modified":"2025-08-06T17:21:54","modified_gmt":"2025-08-06T21:21:54","slug":"simone-mendes-abre-a-programacao-de-shows-nacionais-do-42o-fipe-com-expectativa-de-publico-recorde","status":"publish","type":"post","link":"https:\/\/fipe.caceres.mt.gov.br\/?p=1998","title":{"rendered":"Simone Mendes abre a programa\u00e7\u00e3o de shows nacionais do 42\u00ba FIPe com expectativa de p\u00fablico recorde"},"content":{"rendered":"\n<p><a href=\"https:\/\/www.addtoany.com\/share#url=https%3A%2F%2Fwww.caceres.mt.gov.br%2FNoticias%2FSimone-mendes-abre-a-programacao-de-shows-nacionais-do-42-fipe-com-expectativa-de-publico-recorde-10507%2F&amp;title=Simone%20Mendes%20abre%20a%20programa%C3%A7%C3%A3o%20de%20shows%20nacionais%20do%2042%C2%BA%20FIPe%20com%20expectativa%20de%20p%C3%BAblico%20recorde%20-%20Prefeitura%20Municipal%20de%20C%C3%A1ceres\"><\/a><\/p>\n\n\n\n<p>A cantora Simone Mendes, uma das vozes femininas mais marcantes da m\u00fasica brasileira atual, ser\u00e1 a grande atra\u00e7\u00e3o da noite de abertura da programa\u00e7\u00e3o de shows nacionais do 42\u00ba Festival Internacional de Pesca Esportiva de C\u00e1ceres (FIPe). Com um repert\u00f3rio que transita entre o sertanejo rom\u00e2ntico e os grandes sucessos populares, Simone promete uma apresenta\u00e7\u00e3o inesquec\u00edvel para o p\u00fablico.<\/p>\n\n\n\n<p>Conhecida pelo carisma, presen\u00e7a de palco e pot\u00eancia vocal, Simone Mendes conquistou milh\u00f5es de f\u00e3s em todo o pa\u00eds, inicialmente ao lado da irm\u00e3 Simaria, com quem formou a dupla \u201cSimone &amp; Simaria\u201d, e agora em carreira solo, consolidando-se como uma das principais artistas do cen\u00e1rio sertanejo.<\/p>\n\n\n\n<p>A prefeita de C\u00e1ceres, Eliene Liberato Dias, destacou a import\u00e2ncia da presen\u00e7a da artista para a cidade. \u201cSimone arrasta multid\u00f5es por onde passa e temos a expectativa de receber mais de 20 mil pessoas nesta noite de abertura. \u00c9 uma honra contar com uma artista desse porte em nosso festival, que \u00e9 refer\u00eancia nacional\u201d, afirmou.<\/p>\n\n\n\n<p>J\u00e1 a secret\u00e1ria municipal de Turismo e Cultura, Alessandra Castilho, ressaltou a qualidade da programa\u00e7\u00e3o deste ano. \u201cA grade de shows do 42\u00ba FIPe est\u00e1 excelente. Come\u00e7ar com Simone Mendes \u00e9 uma forma de valorizar o p\u00fablico e mostrar a grandiosidade do nosso evento. E o melhor: todos os shows s\u00e3o totalmente gratuitos, fruto de projetos e emendas parlamentares que garantiram os recursos necess\u00e1rios para oferecer atra\u00e7\u00f5es de alto n\u00edvel \u00e0 popula\u00e7\u00e3o.\u201d<\/p>\n\n\n\n<p>Segundo Castilho, o 42\u00ba FIPe reafirma-se como o maior festival de pesca esportiva do Brasil, reunindo cultura, esporte, entretenimento e turismo. \u201cA abertura com Simone Mendes d\u00e1 o tom de uma festa que promete ser memor\u00e1vel em todos os sentidos\u201d, concluiu.<\/p>\n\n\n\n<p><strong>Esdras Crepaldi \/ DRT 940 MT<\/strong><\/p>\n","protected":false},"excerpt":{"rendered":"<p>A cantora Simone Mendes, uma das vozes femininas mais marcantes da m\u00fasica brasileira atual, ser\u00e1 a grande atra\u00e7\u00e3o da noite de abertura da programa\u00e7\u00e3o de shows nacionais do 42\u00ba Festival Internacional de Pesca Esportiva de C\u00e1ceres (FIPe). Com um repert\u00f3rio que transita entre o sertanejo rom\u00e2ntico e os grandes sucessos populares, Simone promete uma apresenta\u00e7\u00e3o [&hellip;]<\/p>\n","protected":false},"author":1,"featured_media":2000,"comment_status":"open","ping_status":"open","sticky":false,"template":"","format":"standard","meta":{"footnotes":""},"categories":[1],"tags":[42,62,12,13,61],"class_list":["post-1998","post","type-post","status-publish","format-standard","has-post-thumbnail","hentry","category-sem-categoria","tag-blico","tag-mendes","tag-programa","tag-shows","tag-simone"],"blocksy_meta":[],"_links":{"self":[{"href":"https:\/\/fipe.caceres.mt.gov.br\/index.php?rest_route=\/wp\/v2\/posts\/1998","targetHints":{"allow":["GET"]}}],"collection":[{"href":"https:\/\/fipe.caceres.mt.gov.br\/index.php?rest_route=\/wp\/v2\/posts"}],"about":[{"href":"https:\/\/fipe.caceres.mt.gov.br\/index.php?rest_route=\/wp\/v2\/types\/post"}],"author":[{"embeddable":true,"href":"https:\/\/fipe.caceres.mt.gov.br\/index.php?rest_route=\/wp\/v2\/users\/1"}],"replies":[{"embeddable":true,"href":"https:\/\/fipe.caceres.mt.gov.br\/index.php?rest_route=%2Fwp%2Fv2%2Fcomments&post=1998"}],"version-history":[{"count":1,"href":"https:\/\/fipe.caceres.mt.gov.br\/index.php?rest_route=\/wp\/v2\/posts\/1998\/revisions"}],"predecessor-version":[{"id":2001,"href":"https:\/\/fipe.caceres.mt.gov.br\/index.php?rest_route=\/wp\/v2\/posts\/1998\/revisions\/2001"}],"wp:featuredmedia":[{"embeddable":true,"href":"https:\/\/fipe.caceres.mt.gov.br\/index.php?rest_route=\/wp\/v2\/media\/2000"}],"wp:attachment":[{"href":"https:\/\/fipe.caceres.mt.gov.br\/index.php?rest_route=%2Fwp%2Fv2%2Fmedia&parent=1998"}],"wp:term":[{"taxonomy":"category","embeddable":true,"href":"https:\/\/fipe.caceres.mt.gov.br\/index.php?rest_route=%2Fwp%2Fv2%2Fcategories&post=1998"},{"taxonomy":"post_tag","embeddable":true,"href":"https:\/\/fipe.caceres.mt.gov.br\/index.php?rest_route=%2Fwp%2Fv2%2Ftags&post=1998"}],"curies":[{"name":"wp","href":"https:\/\/api.w.org\/{rel}","templated":true}]}}