{"id":1995,"date":"2025-08-06T17:21:06","date_gmt":"2025-08-06T21:21:06","guid":{"rendered":"https:\/\/fipe.caceres.mt.gov.br\/?p=1995"},"modified":"2025-08-06T17:21:06","modified_gmt":"2025-08-06T21:21:06","slug":"42o-fipe-divulga-programacao-oficial-e-confirma-locais-de-apresentacoes-culturais-e-artisticas-credenciadas-pelo-edital-2","status":"publish","type":"post","link":"https:\/\/fipe.caceres.mt.gov.br\/?p=1995","title":{"rendered":"42\u00ba FIPe divulga programa\u00e7\u00e3o oficial e confirma locais de apresenta\u00e7\u00f5es culturais e art\u00edsticas credenciadas pelo edital"},"content":{"rendered":"\n<p><a href=\"https:\/\/www.caceres.mt.gov.br\/fotos_noticias_downloads\/277.pdf\">https:\/\/www.caceres.mt.gov.br\/fotos_noticias_downloads\/277.pdf<\/a><\/p>\n\n\n\n<p>A Prefeitura de C\u00e1ceres, por meio da Secretaria Municipal de Turismo e Cultura, divulgou oficialmente a programa\u00e7\u00e3o do 42\u00ba Festival Internacional de Pesca Esportiva (FIPe), que ser\u00e1 realizado de 06 a 10 de agosto, reafirmando seu compromisso com a valoriza\u00e7\u00e3o da cultura regional e nacional, da pesca esportiva e do turismo sustent\u00e1vel.<\/p>\n\n\n\n<p>Nesta edi\u00e7\u00e3o, os locais definidos por meio do Edital de Credenciamento para a\u00e7\u00f5es culturais e art\u00edsticas est\u00e3o definidos e &nbsp;seguem como pontos estrat\u00e9gicos para a realiza\u00e7\u00e3o das atividades, garantindo organiza\u00e7\u00e3o, seguran\u00e7a e ampla participa\u00e7\u00e3o da popula\u00e7\u00e3o e dos visitantes.<\/p>\n\n\n\n<p>A programa\u00e7\u00e3o completa pode ser consultada no anexo da nota.<\/p>\n\n\n\n<p><strong>Esdras Crepaldi \/ Assessoria FIPe<\/strong><\/p>\n","protected":false},"excerpt":{"rendered":"<p>https:\/\/www.caceres.mt.gov.br\/fotos_noticias_downloads\/277.pdf A Prefeitura de C\u00e1ceres, por meio da Secretaria Municipal de Turismo e Cultura, divulgou oficialmente a programa\u00e7\u00e3o do 42\u00ba Festival Internacional de Pesca Esportiva (FIPe), que ser\u00e1 realizado de 06 a 10 de agosto, reafirmando seu compromisso com a valoriza\u00e7\u00e3o da cultura regional e nacional, da pesca esportiva e do turismo sustent\u00e1vel. Nesta edi\u00e7\u00e3o, [&hellip;]<\/p>\n","protected":false},"author":1,"featured_media":1996,"comment_status":"open","ping_status":"open","sticky":false,"template":"","format":"standard","meta":{"footnotes":""},"categories":[1],"tags":[64,36,63,12,65],"class_list":["post-1995","post","type-post","status-publish","format-standard","has-post-thumbnail","hentry","category-sem-categoria","tag-culturais","tag-edital","tag-locais","tag-programa","tag-sticas"],"blocksy_meta":[],"_links":{"self":[{"href":"https:\/\/fipe.caceres.mt.gov.br\/index.php?rest_route=\/wp\/v2\/posts\/1995","targetHints":{"allow":["GET"]}}],"collection":[{"href":"https:\/\/fipe.caceres.mt.gov.br\/index.php?rest_route=\/wp\/v2\/posts"}],"about":[{"href":"https:\/\/fipe.caceres.mt.gov.br\/index.php?rest_route=\/wp\/v2\/types\/post"}],"author":[{"embeddable":true,"href":"https:\/\/fipe.caceres.mt.gov.br\/index.php?rest_route=\/wp\/v2\/users\/1"}],"replies":[{"embeddable":true,"href":"https:\/\/fipe.caceres.mt.gov.br\/index.php?rest_route=%2Fwp%2Fv2%2Fcomments&post=1995"}],"version-history":[{"count":1,"href":"https:\/\/fipe.caceres.mt.gov.br\/index.php?rest_route=\/wp\/v2\/posts\/1995\/revisions"}],"predecessor-version":[{"id":1997,"href":"https:\/\/fipe.caceres.mt.gov.br\/index.php?rest_route=\/wp\/v2\/posts\/1995\/revisions\/1997"}],"wp:featuredmedia":[{"embeddable":true,"href":"https:\/\/fipe.caceres.mt.gov.br\/index.php?rest_route=\/wp\/v2\/media\/1996"}],"wp:attachment":[{"href":"https:\/\/fipe.caceres.mt.gov.br\/index.php?rest_route=%2Fwp%2Fv2%2Fmedia&parent=1995"}],"wp:term":[{"taxonomy":"category","embeddable":true,"href":"https:\/\/fipe.caceres.mt.gov.br\/index.php?rest_route=%2Fwp%2Fv2%2Fcategories&post=1995"},{"taxonomy":"post_tag","embeddable":true,"href":"https:\/\/fipe.caceres.mt.gov.br\/index.php?rest_route=%2Fwp%2Fv2%2Ftags&post=1995"}],"curies":[{"name":"wp","href":"https:\/\/api.w.org\/{rel}","templated":true}]}}