{"id":1992,"date":"2025-08-06T14:00:00","date_gmt":"2025-08-06T18:00:00","guid":{"rendered":"https:\/\/fipe.caceres.mt.gov.br\/?p=1992"},"modified":"2025-08-06T17:23:34","modified_gmt":"2025-08-06T21:23:34","slug":"fipe-conhece-os-primeiros-campeoes-da-pesca-esportiva-na-categoria-pcd","status":"publish","type":"post","link":"https:\/\/fipe.caceres.mt.gov.br\/?p=1992","title":{"rendered":"FIPe conhece os primeiros campe\u00f5es da pesca esportiva na categoria PCD"},"content":{"rendered":"\n<p>A prova de pesca PCD abriu oficialmente, na manh\u00e3 desta quarta-feira (06), as competi\u00e7\u00f5es de pesca esportiva do 42\u00ba Festival Internacional de Pesca Esportiva de C\u00e1ceres (FIPe), que segue at\u00e9 o dia 10 de agosto.<\/p>\n\n\n\n<p>Com o tema &#8220;Inclus\u00e3o e Pescaria&#8221;, o FIPe respirou integra\u00e7\u00e3o desde as primeiras horas do dia. Pescadores com defici\u00eancia de C\u00e1ceres, Mirassol D\u2019Oeste e Araputanga participaram da disputa, celebrando n\u00e3o apenas a riqueza do Rio Paraguai, mas tamb\u00e9m o esp\u00edrito de supera\u00e7\u00e3o e inclus\u00e3o que marca o evento.<\/p>\n\n\n\n<p>A prova foi marcada por momentos de emo\u00e7\u00e3o e confraterniza\u00e7\u00e3o. Pessoas com diferentes tipos de defici\u00eancia compartilharam, com entusiasmo e dedica\u00e7\u00e3o, a experi\u00eancia da pesca esportiva, demonstrando resili\u00eancia e esp\u00edrito competitivo.<\/p>\n\n\n\n<p>Patrocinada pelo Grupo Juba, a prova premiou os cinco primeiros colocados das categorias masculina e feminina com televisores, celulares, fog\u00f5es, lavadoras de roupa, panelas el\u00e9tricas, ventiladores, ferros de passar, sanduicheiras, al\u00e9m de trof\u00e9us e medalhas.<\/p>\n\n\n\n<p>Para Elo\u00e1 Lucchesi Ribeiro, do Grupo Juba, foi uma honra apoiar a realiza\u00e7\u00e3o da prova. \u201c\u00c9 gratificante fazer parte de uma iniciativa que valoriza a inclus\u00e3o e promove o bem-estar por meio do esporte e do contato com a natureza\u201d, destacou.<\/p>\n\n\n\n<p>A cerim\u00f4nia de premia\u00e7\u00e3o contou com a presen\u00e7a da prefeita Eliene Liberato Dias, do presidente da C\u00e2mara Municipal, vereador Fl\u00e1vio Nega\u00e7\u00e3o, da secret\u00e1ria de Turismo Alessandra Castilho, do secret\u00e1rio de Estado Dr. Leonardo Albuquerque, da empres\u00e1ria Elo\u00e1 Lucchesi Ribeiro, do c\u00f4nsul da Bol\u00edvia em C\u00e1ceres, Dom David Rappu Perez, entre outras autoridades.<\/p>\n\n\n\n<p>\u201cEssa prova representa o que temos de mais bonito, inclus\u00e3o, respeito e amor pela nossa gente\u201d, declarou a prefeita Eliene Liberato Dias.<\/p>\n\n\n\n<p>A secret\u00e1ria de Turismo, Alessandra Castilho, tamb\u00e9m destacou o significado da competi\u00e7\u00e3o. \u201cO FIPe \u00e9 de todos. A categoria PCD refor\u00e7a nossa miss\u00e3o de fazer um festival plural e acolhedor\u201d.<\/p>\n\n\n\n<p>Ap\u00f3s duas horas de competi\u00e7\u00e3o, foram conhecidos os grandes campe\u00f5es da prova PCD.<\/p>\n\n\n\n<h3 class=\"wp-block-heading\">Classifica\u00e7\u00e3o Final \u2013 Prova PCD<\/h3>\n\n\n\n<p><strong>Feminino:<\/strong><br>1\u00ba lugar \u2013 Geisieli Lorraine \u2013 1.770 pontos<br>2\u00ba lugar \u2013 Emily Sophia \u2013 720 pontos<br>3\u00ba lugar \u2013 Samara Benevides \u2013 620 pontos<br>4\u00ba lugar \u2013 Dulc\u00e9lia \u2013 520 pontos<br>5\u00ba lugar \u2013 Luziane da Silva \u2013 260 pontos<\/p>\n\n\n\n<p><strong>Masculino:<\/strong><br>1\u00ba lugar \u2013 Dennis Vicente de Arruda Nunes \u2013 930 pontos<br>2\u00ba lugar \u2013 Natalino Gabriel Pereira Silva \u2013 910 pontos<br>3\u00ba lugar \u2013 Rafael Mendes Souza \u2013 760 pontos<br>4\u00ba lugar \u2013 Aroldo L\u00edmpias \u2013 630 pontos<br>5\u00ba lugar \u2013 Caio Oliveira Pires \u2013 520 pontos<a href=\"https:\/\/www.addtoany.com\/share#url=https%3A%2F%2Fwww.caceres.mt.gov.br%2FNoticias%2FFipe-conhece-os-primeiros-campeoes-da-pesca-esportiva-na-categoria-pcd-10505%2F&amp;title=FIPe%20conhece%20os%20primeiros%20campe%C3%B5es%20da%20pesca%20esportiva%20na%20categoria%20PCD%20-%20Prefeitura%20Municipal%20de%20C%C3%A1ceres\"><\/a><\/p>\n","protected":false},"excerpt":{"rendered":"<p>A prova de pesca PCD abriu oficialmente, na manh\u00e3 desta quarta-feira (06), as competi\u00e7\u00f5es de pesca esportiva do 42\u00ba Festival Internacional de Pesca Esportiva de C\u00e1ceres (FIPe), que segue at\u00e9 o dia 10 de agosto. Com o tema &#8220;Inclus\u00e3o e Pescaria&#8221;, o FIPe respirou integra\u00e7\u00e3o desde as primeiras horas do dia. Pescadores com defici\u00eancia de [&hellip;]<\/p>\n","protected":false},"author":1,"featured_media":1993,"comment_status":"open","ping_status":"open","sticky":false,"template":"","format":"standard","meta":{"footnotes":""},"categories":[7],"tags":[68,66,11,67,50],"class_list":["post-1992","post","type-post","status-publish","format-standard","has-post-thumbnail","hentry","category-manchetes","tag-esportiva","tag-lugar","tag-pesca","tag-pontos","tag-prova"],"blocksy_meta":[],"_links":{"self":[{"href":"https:\/\/fipe.caceres.mt.gov.br\/index.php?rest_route=\/wp\/v2\/posts\/1992","targetHints":{"allow":["GET"]}}],"collection":[{"href":"https:\/\/fipe.caceres.mt.gov.br\/index.php?rest_route=\/wp\/v2\/posts"}],"about":[{"href":"https:\/\/fipe.caceres.mt.gov.br\/index.php?rest_route=\/wp\/v2\/types\/post"}],"author":[{"embeddable":true,"href":"https:\/\/fipe.caceres.mt.gov.br\/index.php?rest_route=\/wp\/v2\/users\/1"}],"replies":[{"embeddable":true,"href":"https:\/\/fipe.caceres.mt.gov.br\/index.php?rest_route=%2Fwp%2Fv2%2Fcomments&post=1992"}],"version-history":[{"count":1,"href":"https:\/\/fipe.caceres.mt.gov.br\/index.php?rest_route=\/wp\/v2\/posts\/1992\/revisions"}],"predecessor-version":[{"id":1994,"href":"https:\/\/fipe.caceres.mt.gov.br\/index.php?rest_route=\/wp\/v2\/posts\/1992\/revisions\/1994"}],"wp:featuredmedia":[{"embeddable":true,"href":"https:\/\/fipe.caceres.mt.gov.br\/index.php?rest_route=\/wp\/v2\/media\/1993"}],"wp:attachment":[{"href":"https:\/\/fipe.caceres.mt.gov.br\/index.php?rest_route=%2Fwp%2Fv2%2Fmedia&parent=1992"}],"wp:term":[{"taxonomy":"category","embeddable":true,"href":"https:\/\/fipe.caceres.mt.gov.br\/index.php?rest_route=%2Fwp%2Fv2%2Fcategories&post=1992"},{"taxonomy":"post_tag","embeddable":true,"href":"https:\/\/fipe.caceres.mt.gov.br\/index.php?rest_route=%2Fwp%2Fv2%2Ftags&post=1992"}],"curies":[{"name":"wp","href":"https:\/\/api.w.org\/{rel}","templated":true}]}}