{"id":1989,"date":"2025-08-06T13:00:00","date_gmt":"2025-08-06T17:00:00","guid":{"rendered":"https:\/\/fipe.caceres.mt.gov.br\/?p=1989"},"modified":"2025-08-06T17:19:24","modified_gmt":"2025-08-06T21:19:24","slug":"prova-pcd-abre-as-competicoes-de-pesca-esportiva-do-42o-fipe-com-200-participantes","status":"publish","type":"post","link":"https:\/\/fipe.caceres.mt.gov.br\/?p=1989","title":{"rendered":"Prova PCD abre as competi\u00e7\u00f5es de pesca esportiva do 42\u00ba FIPe com 200 participantes"},"content":{"rendered":"\n<p>Uma das atra\u00e7\u00f5es mais emocionantes do 42\u00ba Festival Internacional de Pesca Esportiva de C\u00e1ceres (FIPe), a Prova PCD, destinada a pessoas com defici\u00eancia, &nbsp;abriu oficialmente as competi\u00e7\u00f5es de pesca esportiva nesta quarta-feira (06\/10), \u00e0s 8h.<\/p>\n\n\n\n<p>Segundo a prefeita Eliene Liberato Dias, a modalidade reafirma o compromisso do festival com a inclus\u00e3o social. \u201cEssa prova possibilita a participa\u00e7\u00e3o de deficientes auditivos, visuais, intelectuais, cadeirantes e amputados, atraindo n\u00e3o apenas os pescadores, mas tamb\u00e9m seus familiares e o p\u00fablico em geral. \u00c9, para mim, a mais importante do festival, porque traduz com sensibilidade o esp\u00edrito inclusivo do FIPe\u201d, afirmou.<\/p>\n\n\n\n<p>A secret\u00e1ria de Turismo e Cultura, Alessandra Castilho, ressaltou que \u201ca defici\u00eancia n\u00e3o \u00e9 uma incapacidade\u201d e destacou a import\u00e2ncia da inser\u00e7\u00e3o dessa categoria na programa\u00e7\u00e3o do festival. \u201cIncluir a categoria PCD \u00e9 proporcionar integra\u00e7\u00e3o, socializa\u00e7\u00e3o e respeito por meio de uma competi\u00e7\u00e3o ecologicamente correta\u201d, disse.<\/p>\n\n\n\n<p>Ainda segundo Castilho, a prova dedicada \u00e0s pessoas com defici\u00eancia contribui para sensibilizar a sociedade sobre o papel ativo da PCD. \u201c\u00c9 uma oportunidade \u00fanica para que esses participantes vivenciem o esporte de forma plena, valorizando suas potencialidades e respeitando suas diferen\u00e7as\u201d, completou.<\/p>\n\n\n\n<p>Patrocinador exclusivo da categoria, o Grupo Juba esteve representado por Elo\u00e1 Lucchesi Ribeiro, gerente de Projetos Estrat\u00e9gicos da empresa. \u201cPatrocinar uma prova t\u00e3o significativa como essa \u00e9 extremamente gratificante. Somos uma empresa comprometida com a responsabilidade social e temos diversos colaboradores PCDs em nossas lojas. Estar aqui, apoiando uma competi\u00e7\u00e3o cujo lema \u00e9 &#8216;inclus\u00e3o e pescaria&#8217;, me deixa imensamente feliz\u201d, declarou.<\/p>\n\n\n\n<p>Para garantir acessibilidade e conforto, a organiza\u00e7\u00e3o do FIPe construiu um deck adaptado, possibilitando a acomoda\u00e7\u00e3o segura e confort\u00e1vel dos cadeirantes e demais participantes. Nesta edi\u00e7\u00e3o, cerca de 200 pessoas com algum tipo de defici\u00eancia participaram da prova, incluindo representantes dos munic\u00edpios vizinhos de Mirassol D\u2019Oeste e Araputanga.<\/p>\n\n\n\n<p><strong>Esdras Crepaldi<\/strong><a href=\"https:\/\/www.addtoany.com\/share#url=https%3A%2F%2Fwww.caceres.mt.gov.br%2FNoticias%2FProva-pcd-abre-as-competicoes-de-pesca-esportiva-do-42-fipe-com-200-participantes-10504%2F&amp;title=Prova%20PCD%20abre%20as%20competi%C3%A7%C3%B5es%20de%20pesca%20esportiva%20do%2042%C2%BA%20FIPe%20com%20200%20participantes%20-%20Prefeitura%20Municipal%20de%20C%C3%A1ceres\"><\/a><\/p>\n","protected":false},"excerpt":{"rendered":"<p>Uma das atra\u00e7\u00f5es mais emocionantes do 42\u00ba Festival Internacional de Pesca Esportiva de C\u00e1ceres (FIPe), a Prova PCD, destinada a pessoas com defici\u00eancia, &nbsp;abriu oficialmente as competi\u00e7\u00f5es de pesca esportiva nesta quarta-feira (06\/10), \u00e0s 8h. Segundo a prefeita Eliene Liberato Dias, a modalidade reafirma o compromisso do festival com a inclus\u00e3o social. \u201cEssa prova possibilita [&hellip;]<\/p>\n","protected":false},"author":1,"featured_media":1990,"comment_status":"open","ping_status":"open","sticky":false,"template":"","format":"standard","meta":{"footnotes":""},"categories":[7],"tags":[59,52,9,11,50],"class_list":["post-1989","post","type-post","status-publish","format-standard","has-post-thumbnail","hentry","category-manchetes","tag-competi","tag-defici","tag-festival","tag-pesca","tag-prova"],"blocksy_meta":[],"_links":{"self":[{"href":"https:\/\/fipe.caceres.mt.gov.br\/index.php?rest_route=\/wp\/v2\/posts\/1989","targetHints":{"allow":["GET"]}}],"collection":[{"href":"https:\/\/fipe.caceres.mt.gov.br\/index.php?rest_route=\/wp\/v2\/posts"}],"about":[{"href":"https:\/\/fipe.caceres.mt.gov.br\/index.php?rest_route=\/wp\/v2\/types\/post"}],"author":[{"embeddable":true,"href":"https:\/\/fipe.caceres.mt.gov.br\/index.php?rest_route=\/wp\/v2\/users\/1"}],"replies":[{"embeddable":true,"href":"https:\/\/fipe.caceres.mt.gov.br\/index.php?rest_route=%2Fwp%2Fv2%2Fcomments&post=1989"}],"version-history":[{"count":1,"href":"https:\/\/fipe.caceres.mt.gov.br\/index.php?rest_route=\/wp\/v2\/posts\/1989\/revisions"}],"predecessor-version":[{"id":1991,"href":"https:\/\/fipe.caceres.mt.gov.br\/index.php?rest_route=\/wp\/v2\/posts\/1989\/revisions\/1991"}],"wp:featuredmedia":[{"embeddable":true,"href":"https:\/\/fipe.caceres.mt.gov.br\/index.php?rest_route=\/wp\/v2\/media\/1990"}],"wp:attachment":[{"href":"https:\/\/fipe.caceres.mt.gov.br\/index.php?rest_route=%2Fwp%2Fv2%2Fmedia&parent=1989"}],"wp:term":[{"taxonomy":"category","embeddable":true,"href":"https:\/\/fipe.caceres.mt.gov.br\/index.php?rest_route=%2Fwp%2Fv2%2Fcategories&post=1989"},{"taxonomy":"post_tag","embeddable":true,"href":"https:\/\/fipe.caceres.mt.gov.br\/index.php?rest_route=%2Fwp%2Fv2%2Ftags&post=1989"}],"curies":[{"name":"wp","href":"https:\/\/api.w.org\/{rel}","templated":true}]}}