{"id":1983,"date":"2025-08-06T07:00:00","date_gmt":"2025-08-06T11:00:00","guid":{"rendered":"https:\/\/fipe.caceres.mt.gov.br\/?p=1983"},"modified":"2025-08-06T17:17:30","modified_gmt":"2025-08-06T21:17:30","slug":"fipe-tera-6-palcos-e-muitas-atracoes-durante-os-dias-de-evento","status":"publish","type":"post","link":"https:\/\/fipe.caceres.mt.gov.br\/?p=1983","title":{"rendered":"FIPe ter\u00e1 6 palcos e muitas atra\u00e7\u00f5es durante os dias de evento"},"content":{"rendered":"\n<p><a href=\"https:\/\/www.addtoany.com\/share#url=https%3A%2F%2Fwww.caceres.mt.gov.br%2FNoticias%2FFipe-tera-6-palcos-e-muitas-atracoes-durante-os-dias-de-evento-10501%2F&amp;title=FIPe%20ter%C3%A1%206%20palcos%20e%20muitas%20atra%C3%A7%C3%B5es%20durante%20os%20dias%20de%20evento%20-%20Prefeitura%20Municipal%20de%20C%C3%A1ceres\"><\/a><\/p>\n\n\n\n<p>Uma das novidades da 42\u00aa edi\u00e7\u00e3o do Festival Internacional de Pesca Esportiva de C\u00e1ceres, ser\u00e1 a diversidade e a quantidade de atra\u00e7\u00f5es musicais e art\u00edsticas durante o evento.<\/p>\n\n\n\n<p>Buscando prestigiar o p\u00fablico que participa das programa\u00e7\u00f5es do FIPe, a prefeitura de C\u00e1ceres vai instalar cinco palcos posicionados em locais estrat\u00e9gicos do festival.<\/p>\n\n\n\n<p>Segunda o secret\u00e1ria municipal de Turismo e Meio Ambiente, Alessandra Castilho, as pessoas que circularem pelos espa\u00e7os&nbsp; do FIPe ter\u00e3o a sua disposi\u00e7\u00e3o atra\u00e7\u00f5es e entretenimento.&nbsp; \u201cNesta edi\u00e7\u00e3o especial aumentamos os espa\u00e7os e pensando no p\u00fablico que se desloca de um lugar para o outro, teremos atra\u00e7\u00f5es culturais em todos os ambientes\u201d, confidenciou Alessandra.<\/p>\n\n\n\n<p>Ela informou que na arena de shows, ser\u00e3o tr\u00eas palcos, o 1 apenas para shows nacionais e o 2 e 3 shows regionais e nacionais.&nbsp; Na pra\u00e7a Bar\u00e3o outro palco com m\u00fasicas regionais e locais vai movimentar as noites das pessoas que usufruem desta op\u00e7\u00e3o gastron\u00f4mica. O espa\u00e7o novamente vai ser utilizado pela organiza\u00e7\u00e3o do FIPe para feira de artesanato, feira n\u00e1utica e exposi\u00e7\u00e3o de artes pl\u00e1sticas e estandes institucionais, para brindar o p\u00fablico que visitar o local, outro palco com apresenta\u00e7\u00f5es culturais e art\u00edsticas vai ser montado no local.<\/p>\n\n\n\n<p>Outro dois &nbsp;palcos foram instalados na \u00e1rea do Daveron, um para os cerimoniais das provas de pesca e largada e shows regionais &nbsp;e outro na praia, onde acontecem as provas esportivas, com anima\u00e7\u00e3o de um DJ.<\/p>\n\n\n\n<p>\u201cEm todos os palcos teremos locutores locais, prestigiando nossa m\u00e3o de obra e os talentos da comunica\u00e7\u00e3o cacerense. As locu\u00e7\u00f5es oficiais das provas de pesca, e cerimoniais de abertura, encerramento e premia\u00e7\u00f5es est\u00e3o com Esdras Crepaldi. Nos palcos 1, 2 e 3 os comunicadores Big Regis e Roger Max s\u00e3o os respons\u00e1veis pela anima\u00e7\u00e3o. J\u00e1 na pra\u00e7a Bar\u00e3o Paulo Henrique apresenta as atra\u00e7\u00f5es. O radialista e comunicador Bira Prates fica respons\u00e1vel pelo palco &nbsp;das areias da praia do Daveron. E na Sematur a voz feminina de M\u00e1rcia Pache\u201d, divulgou Castilho.<\/p>\n\n\n\n<p>A prefeita Eliene Liberato Dias convidou a popula\u00e7\u00e3o e turistas para participarem desta edi\u00e7\u00e3o hist\u00f3rica do festival. \u201cO FIPe acontece de 06 a 10 de agosto com as provas de pesca PCD, , s\u00eanior, infantojuvenil, caiaque, canoa a remo e motorizada. Feiras n\u00e1utica, de neg\u00f3cios, gastron\u00f4mica e de artesanato e artes pl\u00e1sticas. Parque de Divers\u00e3o e Jogos de Praia. S\u00e3o muitas emo\u00e7\u00f5es, venham participar deste grande evento, mais uma realiza\u00e7\u00e3o da prefeitura de C\u00e1ceres\u201d, concluiu Eliene.<\/p>\n\n\n\n<p><strong>Esdras Crepaldi\/FIPe<\/strong><\/p>\n","protected":false},"excerpt":{"rendered":"<p>Uma das novidades da 42\u00aa edi\u00e7\u00e3o do Festival Internacional de Pesca Esportiva de C\u00e1ceres, ser\u00e1 a diversidade e a quantidade de atra\u00e7\u00f5es musicais e art\u00edsticas durante o evento. Buscando prestigiar o p\u00fablico que participa das programa\u00e7\u00f5es do FIPe, a prefeitura de C\u00e1ceres vai instalar cinco palcos posicionados em locais estrat\u00e9gicos do festival. Segunda o secret\u00e1ria [&hellip;]<\/p>\n","protected":false},"author":1,"featured_media":1984,"comment_status":"open","ping_status":"open","sticky":false,"template":"","format":"standard","meta":{"footnotes":""},"categories":[1],"tags":[70,69,11,13,65],"class_list":["post-1983","post","type-post","status-publish","format-standard","has-post-thumbnail","hentry","category-sem-categoria","tag-outro","tag-palcos","tag-pesca","tag-shows","tag-sticas"],"blocksy_meta":[],"_links":{"self":[{"href":"https:\/\/fipe.caceres.mt.gov.br\/index.php?rest_route=\/wp\/v2\/posts\/1983","targetHints":{"allow":["GET"]}}],"collection":[{"href":"https:\/\/fipe.caceres.mt.gov.br\/index.php?rest_route=\/wp\/v2\/posts"}],"about":[{"href":"https:\/\/fipe.caceres.mt.gov.br\/index.php?rest_route=\/wp\/v2\/types\/post"}],"author":[{"embeddable":true,"href":"https:\/\/fipe.caceres.mt.gov.br\/index.php?rest_route=\/wp\/v2\/users\/1"}],"replies":[{"embeddable":true,"href":"https:\/\/fipe.caceres.mt.gov.br\/index.php?rest_route=%2Fwp%2Fv2%2Fcomments&post=1983"}],"version-history":[{"count":1,"href":"https:\/\/fipe.caceres.mt.gov.br\/index.php?rest_route=\/wp\/v2\/posts\/1983\/revisions"}],"predecessor-version":[{"id":1985,"href":"https:\/\/fipe.caceres.mt.gov.br\/index.php?rest_route=\/wp\/v2\/posts\/1983\/revisions\/1985"}],"wp:featuredmedia":[{"embeddable":true,"href":"https:\/\/fipe.caceres.mt.gov.br\/index.php?rest_route=\/wp\/v2\/media\/1984"}],"wp:attachment":[{"href":"https:\/\/fipe.caceres.mt.gov.br\/index.php?rest_route=%2Fwp%2Fv2%2Fmedia&parent=1983"}],"wp:term":[{"taxonomy":"category","embeddable":true,"href":"https:\/\/fipe.caceres.mt.gov.br\/index.php?rest_route=%2Fwp%2Fv2%2Fcategories&post=1983"},{"taxonomy":"post_tag","embeddable":true,"href":"https:\/\/fipe.caceres.mt.gov.br\/index.php?rest_route=%2Fwp%2Fv2%2Ftags&post=1983"}],"curies":[{"name":"wp","href":"https:\/\/api.w.org\/{rel}","templated":true}]}}