{"id":1976,"date":"2025-08-04T18:16:51","date_gmt":"2025-08-04T22:16:51","guid":{"rendered":"https:\/\/fipe.caceres.mt.gov.br\/?p=1976"},"modified":"2025-08-04T18:16:52","modified_gmt":"2025-08-04T22:16:52","slug":"oficinas-de-educacao-ambiental-para-estudantes-comecam-nesta-terca-no-42o-fipe","status":"publish","type":"post","link":"https:\/\/fipe.caceres.mt.gov.br\/?p=1976","title":{"rendered":"Oficinas de Educa\u00e7\u00e3o Ambiental para estudantes come\u00e7am nesta ter\u00e7a no 42\u00ba FIPe"},"content":{"rendered":"\n<p>A Prefeitura de C\u00e1ceres, por meio da Secretaria Municipal de Turismo e Cultura e parceiros institucionais, inicia nesta ter\u00e7a-feira (5) as atividades do projeto Educa\u00e7\u00e3o Ambiental dentro da programa\u00e7\u00e3o da 42\u00aa edi\u00e7\u00e3o do Festival Internacional de Pesca Esportiva (FIPe), que acontece at\u00e9 o dia 10 de agosto.<\/p>\n\n\n\n<p>A iniciativa \u00e9 voltada aos estudantes da rede municipal de ensino e contar\u00e1 com uma s\u00e9rie de oficinas, din\u00e2micas educativas e exposi\u00e7\u00f5es que t\u00eam como foco a valoriza\u00e7\u00e3o da diversidade do Pantanal. A a\u00e7\u00e3o \u00e9 realizada em parceria com a Universidade do Estado de Mato Grosso (Unemat), o Instituto Federal de Mato Grosso (IFMT) e outras institui\u00e7\u00f5es comprometidas com a educa\u00e7\u00e3o ambiental.<\/p>\n\n\n\n<p>De acordo com o coordenador municipal de Meio Ambiente, Dario Diego Senn, a proposta \u00e9 proporcionar um ambiente de aprendizado l\u00fadico e interativo para o p\u00fablico infantil. \u201cVamos oferecer laborat\u00f3rios com exposi\u00e7\u00f5es de trabalhos, oficinas pr\u00e1ticas e din\u00e2micas que abordam de forma leve temas como a fauna e a flora pantaneiras, a preserva\u00e7\u00e3o dos recursos naturais e a import\u00e2ncia da sustentabilidade\u201d, detalhou.<\/p>\n\n\n\n<p>A secret\u00e1ria municipal de Turismo e Cultura e coordenadora-geral do FIPe, Alessandra Castilho, ressaltou o car\u00e1ter ambiental e inclusivo do festival. \u201cTodas as provas de pesca s\u00e3o na modalidade pesque e solte. Incluir as crian\u00e7as nas provas infantil e juvenil, al\u00e9m das oficinas ambientais, \u00e9 uma forma de sensibiliz\u00e1-las desde cedo sobre a import\u00e2ncia da preserva\u00e7\u00e3o e do cuidado com o meio ambiente\u201d, afirmou.<\/p>\n\n\n\n<p>J\u00e1 a prefeita Eliene Liberato Dias destacou que o projeto refor\u00e7a o compromisso da gest\u00e3o com a educa\u00e7\u00e3o e com a valoriza\u00e7\u00e3o do bioma pantaneiro. \u201cO FIPe se fortalece a cada edi\u00e7\u00e3o como um evento sustent\u00e1vel, que une lazer, cultura, turismo e responsabilidade ambiental, preparando as futuras gera\u00e7\u00f5es para o cuidado com nossa maior riqueza natural: o Pantanal\u201d, afirmou.<\/p>\n\n\n\n<p><strong>Esdras Crepaldi \/ DRT 940 MT<\/strong><a href=\"https:\/\/www.addtoany.com\/share#url=https%3A%2F%2Fwww.caceres.mt.gov.br%2FNoticias%2FOficinas-de-educacao-ambiental-para-estudantes-comecam-nesta-terca-no-42-fipe-10495%2F&amp;title=Oficinas%20de%20Educa%C3%A7%C3%A3o%20Ambiental%20para%20estudantes%20come%C3%A7am%20nesta%20ter%C3%A7a%20no%2042%C2%BA%20FIPe%20-%20Prefeitura%20Municipal%20de%20C%C3%A1ceres\"><\/a><\/p>\n","protected":false},"excerpt":{"rendered":"<p>A Prefeitura de C\u00e1ceres, por meio da Secretaria Municipal de Turismo e Cultura e parceiros institucionais, inicia nesta ter\u00e7a-feira (5) as atividades do projeto Educa\u00e7\u00e3o Ambiental dentro da programa\u00e7\u00e3o da 42\u00aa edi\u00e7\u00e3o do Festival Internacional de Pesca Esportiva (FIPe), que acontece at\u00e9 o dia 10 de agosto. A iniciativa \u00e9 voltada aos estudantes da rede [&hellip;]<\/p>\n","protected":false},"author":1,"featured_media":1978,"comment_status":"open","ping_status":"open","sticky":false,"template":"","format":"standard","meta":{"footnotes":""},"categories":[1],"tags":[75,77,18,76,10],"class_list":["post-1976","post","type-post","status-publish","format-standard","has-post-thumbnail","hentry","category-sem-categoria","tag-ambiental","tag-educa","tag-municipal","tag-oficinas","tag-turismo"],"blocksy_meta":[],"_links":{"self":[{"href":"https:\/\/fipe.caceres.mt.gov.br\/index.php?rest_route=\/wp\/v2\/posts\/1976","targetHints":{"allow":["GET"]}}],"collection":[{"href":"https:\/\/fipe.caceres.mt.gov.br\/index.php?rest_route=\/wp\/v2\/posts"}],"about":[{"href":"https:\/\/fipe.caceres.mt.gov.br\/index.php?rest_route=\/wp\/v2\/types\/post"}],"author":[{"embeddable":true,"href":"https:\/\/fipe.caceres.mt.gov.br\/index.php?rest_route=\/wp\/v2\/users\/1"}],"replies":[{"embeddable":true,"href":"https:\/\/fipe.caceres.mt.gov.br\/index.php?rest_route=%2Fwp%2Fv2%2Fcomments&post=1976"}],"version-history":[{"count":1,"href":"https:\/\/fipe.caceres.mt.gov.br\/index.php?rest_route=\/wp\/v2\/posts\/1976\/revisions"}],"predecessor-version":[{"id":1979,"href":"https:\/\/fipe.caceres.mt.gov.br\/index.php?rest_route=\/wp\/v2\/posts\/1976\/revisions\/1979"}],"wp:featuredmedia":[{"embeddable":true,"href":"https:\/\/fipe.caceres.mt.gov.br\/index.php?rest_route=\/wp\/v2\/media\/1978"}],"wp:attachment":[{"href":"https:\/\/fipe.caceres.mt.gov.br\/index.php?rest_route=%2Fwp%2Fv2%2Fmedia&parent=1976"}],"wp:term":[{"taxonomy":"category","embeddable":true,"href":"https:\/\/fipe.caceres.mt.gov.br\/index.php?rest_route=%2Fwp%2Fv2%2Fcategories&post=1976"},{"taxonomy":"post_tag","embeddable":true,"href":"https:\/\/fipe.caceres.mt.gov.br\/index.php?rest_route=%2Fwp%2Fv2%2Ftags&post=1976"}],"curies":[{"name":"wp","href":"https:\/\/api.w.org\/{rel}","templated":true}]}}