{"id":1961,"date":"2025-08-03T17:05:43","date_gmt":"2025-08-03T21:05:43","guid":{"rendered":"https:\/\/fipe.caceres.mt.gov.br\/?p=1961"},"modified":"2025-08-04T18:04:49","modified_gmt":"2025-08-04T22:04:49","slug":"contagem-regressiva-faltam-apenas-2-dias-para-o-42o-fipe","status":"publish","type":"post","link":"https:\/\/fipe.caceres.mt.gov.br\/?p=1961","title":{"rendered":"Contagem regressiva, faltam apenas 2 dias para o 42\u00ba FIPe"},"content":{"rendered":"\n<p><a href=\"https:\/\/www.addtoany.com\/share#url=https%3A%2F%2Fwww.caceres.mt.gov.br%2FNoticias%2FContagem-regressiva-faltam-apenas-2-dias-para-o-42-fipe-10492%2F&amp;title=Contagem%20regressiva%2C%20faltam%20apenas%202%20dias%20para%20o%2042%C2%BA%20FIPe%20-%20Prefeitura%20Municipal%20de%20C%C3%A1ceres\"><\/a><\/p>\n\n\n\n<p>Est\u00e1 quase tudo pronto para o maior evento tur\u00edstico de Mato Grosso. A 42\u00aa edi\u00e7\u00e3o do Festival Internacional de Pesca Esportiva de C\u00e1ceres (FIPe) acontece de 6 a 10 de agosto e os preparativos entram na reta final.<\/p>\n\n\n\n<p>A abertura oficial do festival ser\u00e1 nesta quarta-feira (06\/08), \u00e0s 19h30, na Pra\u00e7a Bar\u00e3o do Rio Branco. No entanto, as competi\u00e7\u00f5es come\u00e7am mais cedo, \u00e0s 8h da manh\u00e3 do mesmo dia, com a realiza\u00e7\u00e3o da prova PCD.<\/p>\n\n\n\n<p>Segundo a secret\u00e1ria municipal de Turismo e Cultura, Alessandra Castilho, a expectativa \u00e9 das melhores. \u201cTemos uma equipe comprometida que trabalha intensamente para cumprir cada etapa do cronograma. Diversas frentes est\u00e3o atuando para garantir que todos os detalhes dessa grande festa sejam finalizados a tempo. Estamos num ritmo acelerado\u201d, afirmou.<\/p>\n\n\n\n<p>A prefeita Eliene Liberato tamb\u00e9m destacou a relev\u00e2ncia do evento para a cidade, enfatizando seus impactos positivos. \u201cO festival movimenta o turismo, valoriza a pesca esportiva e impulsiona toda a economia local. A expectativa \u00e9 que o FIPe gere mais de R$ 10 milh\u00f5es em movimenta\u00e7\u00e3o financeira durante os dias de evento.\u201d<\/p>\n\n\n\n<p>A programa\u00e7\u00e3o deste ano est\u00e1 repleta de atra\u00e7\u00f5es para todos os gostos, shows nacionais&nbsp; e regionais, apresenta\u00e7\u00f5es musicais, art\u00edsticas e culturais distribu\u00eddas em v\u00e1rios palcos, al\u00e9m de feiras de artesanato, artes visuais, gastronomia, n\u00e1utica e neg\u00f3cios. As tradicionais competi\u00e7\u00f5es de pesca, com 7 categorias, &nbsp;e os jogos de praia tamb\u00e9m prometem fazer desta edi\u00e7\u00e3o uma das mais memor\u00e1veis.<\/p>\n\n\n\n<p>Entre as presen\u00e7as confirmadas est\u00e1 a do Ministro da Pesca, Andr\u00e9 de Paula, que prestigiar\u00e1 o FIPe pelo terceiro ano consecutivo.<\/p>\n\n\n\n<p>Um dos grandes atrativos do festival \u00e9 a premia\u00e7\u00e3o, que ultrapassa os R$ 400 mil. Ser\u00e3o distribu\u00eddos pr\u00eamios em dinheiro, motores e embarca\u00e7\u00f5es, recompensas que atraem pescadores de todas as regi\u00f5es. \u201c\u00c9 um investimento significativo da prefeitura e dos patrocinadores, aos quais agrade\u00e7o muito, pois as premia\u00e7\u00f5es buscam valorizar cada categoria com premia\u00e7\u00f5es \u00e0 altura\u201d, pontua a comiss\u00e3o organizadora.<\/p>\n\n\n\n<p><strong>Esdras Crepaldi\/FIPe<\/strong><\/p>\n","protected":false},"excerpt":{"rendered":"<p>Est\u00e1 quase tudo pronto para o maior evento tur\u00edstico de Mato Grosso. A 42\u00aa edi\u00e7\u00e3o do Festival Internacional de Pesca Esportiva de C\u00e1ceres (FIPe) acontece de 6 a 10 de agosto e os preparativos entram na reta final. A abertura oficial do festival ser\u00e1 nesta quarta-feira (06\/08), \u00e0s 19h30, na Pra\u00e7a Bar\u00e3o do Rio Branco. [&hellip;]<\/p>\n","protected":false},"author":1,"featured_media":1962,"comment_status":"open","ping_status":"open","sticky":false,"template":"","format":"standard","meta":{"footnotes":""},"categories":[1],"tags":[68,24,9,11,60],"class_list":["post-1961","post","type-post","status-publish","format-standard","has-post-thumbnail","hentry","category-sem-categoria","tag-esportiva","tag-evento","tag-festival","tag-pesca","tag-premia"],"blocksy_meta":[],"_links":{"self":[{"href":"https:\/\/fipe.caceres.mt.gov.br\/index.php?rest_route=\/wp\/v2\/posts\/1961","targetHints":{"allow":["GET"]}}],"collection":[{"href":"https:\/\/fipe.caceres.mt.gov.br\/index.php?rest_route=\/wp\/v2\/posts"}],"about":[{"href":"https:\/\/fipe.caceres.mt.gov.br\/index.php?rest_route=\/wp\/v2\/types\/post"}],"author":[{"embeddable":true,"href":"https:\/\/fipe.caceres.mt.gov.br\/index.php?rest_route=\/wp\/v2\/users\/1"}],"replies":[{"embeddable":true,"href":"https:\/\/fipe.caceres.mt.gov.br\/index.php?rest_route=%2Fwp%2Fv2%2Fcomments&post=1961"}],"version-history":[{"count":1,"href":"https:\/\/fipe.caceres.mt.gov.br\/index.php?rest_route=\/wp\/v2\/posts\/1961\/revisions"}],"predecessor-version":[{"id":1963,"href":"https:\/\/fipe.caceres.mt.gov.br\/index.php?rest_route=\/wp\/v2\/posts\/1961\/revisions\/1963"}],"wp:featuredmedia":[{"embeddable":true,"href":"https:\/\/fipe.caceres.mt.gov.br\/index.php?rest_route=\/wp\/v2\/media\/1962"}],"wp:attachment":[{"href":"https:\/\/fipe.caceres.mt.gov.br\/index.php?rest_route=%2Fwp%2Fv2%2Fmedia&parent=1961"}],"wp:term":[{"taxonomy":"category","embeddable":true,"href":"https:\/\/fipe.caceres.mt.gov.br\/index.php?rest_route=%2Fwp%2Fv2%2Fcategories&post=1961"},{"taxonomy":"post_tag","embeddable":true,"href":"https:\/\/fipe.caceres.mt.gov.br\/index.php?rest_route=%2Fwp%2Fv2%2Ftags&post=1961"}],"curies":[{"name":"wp","href":"https:\/\/api.w.org\/{rel}","templated":true}]}}