{"id":1958,"date":"2025-08-03T17:05:04","date_gmt":"2025-08-03T21:05:04","guid":{"rendered":"https:\/\/fipe.caceres.mt.gov.br\/?p=1958"},"modified":"2025-08-04T17:05:40","modified_gmt":"2025-08-04T21:05:40","slug":"podio-a-vista-medalhas-e-trofeus-da-42a-edicao-do-fipe-ja-estao-na-sematur","status":"publish","type":"post","link":"https:\/\/fipe.caceres.mt.gov.br\/?p=1958","title":{"rendered":"P\u00f3dio \u00e0 vista: medalhas e trof\u00e9us da 42\u00aa edi\u00e7\u00e3o do FIPe j\u00e1 est\u00e3o na Sematur"},"content":{"rendered":"\n<p>Os trof\u00e9us e medalhas que ser\u00e3o entregues nas sete provas de pesca da 42\u00aa edi\u00e7\u00e3o do Festival Internacional de Pesca Esportiva de C\u00e1ceres (FIPe), que acontece de 6 a 10 de agosto, j\u00e1 est\u00e3o na Secretaria Municipal de Turismo e Cultura.<\/p>\n\n\n\n<p>Os competidores classificados at\u00e9 o 5\u00ba lugar nas categorias PCD, S\u00eanior, Infantil, Juvenil, Caiaque, Canoa e Motorizada receber\u00e3o trof\u00e9us. J\u00e1 as medalhas ser\u00e3o entregues a todos os participantes das provas de praia como forma de reconhecimento pela participa\u00e7\u00e3o, independentemente da classifica\u00e7\u00e3o.<\/p>\n\n\n\n<p>Este ano, os trof\u00e9us e medalhas ganham um toque especial, trazem estampadas&nbsp;uma obra exclusiva do artista pl\u00e1stico Carlinhos Viana, que doou sua cria\u00e7\u00e3o \u00e0 Sematur. A pintura, marcada por cores vibrantes e tra\u00e7os expressivos, foi desenvolvida especialmente para o evento.<\/p>\n\n\n\n<p>Segundo a secret\u00e1ria municipal de Turismo e Cultura, Alessandra Castilho, a iniciativa visa valorizar a arte local e aproximar o p\u00fablico da riqueza cultural e ambiental de C\u00e1ceres. \u201cA ideia \u00e9 que, a partir desta edi\u00e7\u00e3o do FIPe, outros artistas tamb\u00e9m possam emprestar seus talentos para personalizar os trof\u00e9us com obras que retratem a cultura, os atrativos, a fauna e a flora pantaneiras\u201d, afirmou.<\/p>\n\n\n\n<p>Alessandra destacou ainda a inten\u00e7\u00e3o de abrir espa\u00e7o para diferentes nomes da arte regional. \u201cAl\u00e9m de Carlinhos Viana Costa, temos artistas pl\u00e1sticos com talentos imensur\u00e1veis, como Bosqu\u00ea, S\u00e1lvio J\u00fanior, Eduardo Martins, Ita Pedra, Iran Almeida, Adaiele Martins e o imortal Sebasti\u00e3o Mendes. Tamb\u00e9m queremos homenagear nomes consagrados como Concei\u00e7\u00e3o dos Bugres, Adir Sodr\u00e9, Gervane de Paula, M\u00e1rcio Aur\u00e9lio, Maria Am\u00e9lia Morimon, Marta Catunda e Benedito Nunes, me perdoem se esqueci de algu\u00e9m. Vamos continuar prestigiando nossos artistas\u201d, completou.<\/p>\n\n\n\n<p>A prefeita Eliene Liberato Dias tamb\u00e9m celebrou a iniciativa, ressaltando que a valoriza\u00e7\u00e3o dos artistas pl\u00e1sticos fortalece a identidade local. \u201cEssa a\u00e7\u00e3o evidencia e difunde a cultura da nossa bicenten\u00e1ria C\u00e1ceres, mostrando ao Brasil e ao mundo a pot\u00eancia art\u00edstica da nossa terra\u201d, declarou.<\/p>\n\n\n\n<p><strong>Esdras Crepaldi \/ DRT 940 MT<\/strong><a href=\"https:\/\/www.addtoany.com\/share#url=https%3A%2F%2Fwww.caceres.mt.gov.br%2FNoticias%2FPodio-a-vista-medalhas-e-trofeus-da-42-edicao-do-fipe-ja-estao-na-sematur-10491%2F&amp;title=P%C3%B3dio%20%C3%A0%20vista%3A%20medalhas%20e%20trof%C3%A9us%20da%2042%C2%AA%20edi%C3%A7%C3%A3o%20do%20FIPe%20j%C3%A1%20est%C3%A3o%20na%20Sematur%20-%20Prefeitura%20Municipal%20de%20C%C3%A1ceres\"><\/a><\/p>\n","protected":false},"excerpt":{"rendered":"<p>Os trof\u00e9us e medalhas que ser\u00e3o entregues nas sete provas de pesca da 42\u00aa edi\u00e7\u00e3o do Festival Internacional de Pesca Esportiva de C\u00e1ceres (FIPe), que acontece de 6 a 10 de agosto, j\u00e1 est\u00e3o na Secretaria Municipal de Turismo e Cultura. Os competidores classificados at\u00e9 o 5\u00ba lugar nas categorias PCD, S\u00eanior, Infantil, Juvenil, Caiaque, [&hellip;]<\/p>\n","protected":false},"author":1,"featured_media":1959,"comment_status":"open","ping_status":"open","sticky":false,"template":"","format":"standard","meta":{"footnotes":""},"categories":[1],"tags":[15,19,27,83,84],"class_list":["post-1958","post","type-post","status-publish","format-standard","has-post-thumbnail","hentry","category-sem-categoria","tag-artistas","tag-ceres","tag-cultura","tag-medalhas","tag-sematur"],"blocksy_meta":[],"_links":{"self":[{"href":"https:\/\/fipe.caceres.mt.gov.br\/index.php?rest_route=\/wp\/v2\/posts\/1958","targetHints":{"allow":["GET"]}}],"collection":[{"href":"https:\/\/fipe.caceres.mt.gov.br\/index.php?rest_route=\/wp\/v2\/posts"}],"about":[{"href":"https:\/\/fipe.caceres.mt.gov.br\/index.php?rest_route=\/wp\/v2\/types\/post"}],"author":[{"embeddable":true,"href":"https:\/\/fipe.caceres.mt.gov.br\/index.php?rest_route=\/wp\/v2\/users\/1"}],"replies":[{"embeddable":true,"href":"https:\/\/fipe.caceres.mt.gov.br\/index.php?rest_route=%2Fwp%2Fv2%2Fcomments&post=1958"}],"version-history":[{"count":1,"href":"https:\/\/fipe.caceres.mt.gov.br\/index.php?rest_route=\/wp\/v2\/posts\/1958\/revisions"}],"predecessor-version":[{"id":1960,"href":"https:\/\/fipe.caceres.mt.gov.br\/index.php?rest_route=\/wp\/v2\/posts\/1958\/revisions\/1960"}],"wp:featuredmedia":[{"embeddable":true,"href":"https:\/\/fipe.caceres.mt.gov.br\/index.php?rest_route=\/wp\/v2\/media\/1959"}],"wp:attachment":[{"href":"https:\/\/fipe.caceres.mt.gov.br\/index.php?rest_route=%2Fwp%2Fv2%2Fmedia&parent=1958"}],"wp:term":[{"taxonomy":"category","embeddable":true,"href":"https:\/\/fipe.caceres.mt.gov.br\/index.php?rest_route=%2Fwp%2Fv2%2Fcategories&post=1958"},{"taxonomy":"post_tag","embeddable":true,"href":"https:\/\/fipe.caceres.mt.gov.br\/index.php?rest_route=%2Fwp%2Fv2%2Ftags&post=1958"}],"curies":[{"name":"wp","href":"https:\/\/api.w.org\/{rel}","templated":true}]}}