{"id":1798,"date":"2025-07-28T14:36:00","date_gmt":"2025-07-28T18:36:00","guid":{"rendered":"https:\/\/fipe.caceres.mt.gov.br\/?p=1798"},"modified":"2025-07-28T14:36:57","modified_gmt":"2025-07-28T18:36:57","slug":"feiras-de-artesanato-e-artes-visuais-devem-agitar-o-fipe-2025","status":"publish","type":"post","link":"https:\/\/fipe.caceres.mt.gov.br\/?p=1798","title":{"rendered":"Feiras de artesanato e artes visuais devem agitar o FIPe 2025"},"content":{"rendered":"\n<p>Valorizando as express\u00f5es culturais da cidade e da regi\u00e3o, o 42\u00ba Festival Internacional de Pesca Esportiva de C\u00e1ceres (FIPe) vai al\u00e9m das atividades tradicionais e oferece ao p\u00fablico uma rica programa\u00e7\u00e3o voltada para o artesanato e as artes pl\u00e1sticas.<\/p>\n\n\n\n<p>De acordo com Alessandra Castilho, secret\u00e1ria municipal de Turismo e Cultura, a realiza\u00e7\u00e3o das feiras \u00e9 fruto de uma parceria entre a Prefeitura e a Associa\u00e7\u00e3o Pantaneira dos Artes\u00e3os de C\u00e1ceres (APAC), presidida pelo artes\u00e3o Carlinhos Viana. O objetivo \u00e9 dar visibilidade \u00e0 produ\u00e7\u00e3o artesanal local e estadual. \u201cEssas feiras s\u00e3o fundamentais para valorizarmos a identidade cultural do nosso povo e para evidenciar a arte feita \u00e0 m\u00e3o, que carrega os tra\u00e7os da nossa hist\u00f3ria e do nosso territ\u00f3rio\u201d, comenta Alessandra.<\/p>\n\n\n\n<p>Participam das feiras artes\u00e3os vinculados \u00e0 APAC e tamb\u00e9m profissionais aut\u00f4nomos, que v\u00e3o expor e comercializar suas cria\u00e7\u00f5es durante os dias do evento.<\/p>\n\n\n\n<p>Al\u00e9m disso, o festival tamb\u00e9m abre espa\u00e7o para as artes visuais. A ARTEMAT (Associa\u00e7\u00e3o dos Artistas Pl\u00e1sticos do Estado de Mato Grosso), presidida pelo artista pl\u00e1stico Carlos Alberto Bosqu\u00ea, est\u00e1 \u00e0 frente da organiza\u00e7\u00e3o de exposi\u00e7\u00f5es, oficinas e da vinda de artistas premiados que mostrar\u00e3o seus trabalhos ao p\u00fablico. \u201cA parceria com a ARTEMAT, que foi um destaque na nas \u00faltimas edi\u00e7\u00f5es, est\u00e1 de volta este ano com um acervo de grande qualidade\u201d, afirma a secret\u00e1ria.<\/p>\n\n\n\n<p>Ela ressalta ainda que a repeti\u00e7\u00e3o dessa parceria enriquece o festival. \u201cEssas feiras movimentam o p\u00fablico e contribuem diretamente para o sucesso do FIPe, trazendo ao p\u00fablico local e aos visitantes uma amostra significativa do que \u00e9 produzido artesanalmente em Mato Grosso\u201d, reconhece Castilho.<\/p>\n\n\n\n<p>O prefeito em exerc\u00edcio, Luiz Landim, tamb\u00e9m elogia a diversidade cultural representada nas feiras. Segundo ele, quem comparecer \u00e0 Pra\u00e7a Bar\u00e3o entre os dias 06 e 10 de agosto poder\u00e1 conhecer o melhor do artesanato pantaneiro e as cria\u00e7\u00f5es de artistas pl\u00e1sticos da regi\u00e3o e do estado. \u201c\u00c9 uma excelente oportunidade para ver de perto o talento e a criatividade dos nossos artes\u00e3os e artistas, que enriquecem culturalmente o FIPe\u201d, destaca Landim.<\/p>\n\n\n\n<p>Ele tamb\u00e9m refor\u00e7a o papel da cultura como atrativo tur\u00edstico para o munic\u00edpio. \u201cA cultura \u00e9 um dos pilares que sustentam o turismo em C\u00e1ceres, fortalecendo nossa identidade e contribuindo para o desenvolvimento econ\u00f4mico da cidade\u201d, conclui.<\/p>\n\n\n\n<p><strong>Esdras Crepaldi\/FIPe<\/strong><a href=\"https:\/\/www.addtoany.com\/share#url=https%3A%2F%2Fwww.caceres.mt.gov.br%2FNoticias%2FFeiras-de-artesanato-e-artes-visuais-devem-agitar-o-fipe-2025-10470%2F&amp;title=Feiras%20de%20artesanato%20e%20artes%20visuais%20devem%20agitar%20o%20FIPe%202025%20-%20Prefeitura%20Municipal%20de%20C%C3%A1ceres\"><\/a><\/p>\n","protected":false},"excerpt":{"rendered":"<p>Valorizando as express\u00f5es culturais da cidade e da regi\u00e3o, o 42\u00ba Festival Internacional de Pesca Esportiva de C\u00e1ceres (FIPe) vai al\u00e9m das atividades tradicionais e oferece ao p\u00fablico uma rica programa\u00e7\u00e3o voltada para o artesanato e as artes pl\u00e1sticas. De acordo com Alessandra Castilho, secret\u00e1ria municipal de Turismo e Cultura, a realiza\u00e7\u00e3o das feiras \u00e9 [&hellip;]<\/p>\n","protected":false},"author":1,"featured_media":1807,"comment_status":"open","ping_status":"open","sticky":false,"template":"","format":"standard","meta":{"footnotes":""},"categories":[1],"tags":[40,43,15,42,41],"class_list":["post-1798","post","type-post","status-publish","format-standard","has-post-thumbnail","hentry","category-sem-categoria","tag-artes","tag-artesanato","tag-artistas","tag-blico","tag-feiras"],"blocksy_meta":[],"_links":{"self":[{"href":"https:\/\/fipe.caceres.mt.gov.br\/index.php?rest_route=\/wp\/v2\/posts\/1798","targetHints":{"allow":["GET"]}}],"collection":[{"href":"https:\/\/fipe.caceres.mt.gov.br\/index.php?rest_route=\/wp\/v2\/posts"}],"about":[{"href":"https:\/\/fipe.caceres.mt.gov.br\/index.php?rest_route=\/wp\/v2\/types\/post"}],"author":[{"embeddable":true,"href":"https:\/\/fipe.caceres.mt.gov.br\/index.php?rest_route=\/wp\/v2\/users\/1"}],"replies":[{"embeddable":true,"href":"https:\/\/fipe.caceres.mt.gov.br\/index.php?rest_route=%2Fwp%2Fv2%2Fcomments&post=1798"}],"version-history":[{"count":0,"href":"https:\/\/fipe.caceres.mt.gov.br\/index.php?rest_route=\/wp\/v2\/posts\/1798\/revisions"}],"wp:featuredmedia":[{"embeddable":true,"href":"https:\/\/fipe.caceres.mt.gov.br\/index.php?rest_route=\/wp\/v2\/media\/1807"}],"wp:attachment":[{"href":"https:\/\/fipe.caceres.mt.gov.br\/index.php?rest_route=%2Fwp%2Fv2%2Fmedia&parent=1798"}],"wp:term":[{"taxonomy":"category","embeddable":true,"href":"https:\/\/fipe.caceres.mt.gov.br\/index.php?rest_route=%2Fwp%2Fv2%2Fcategories&post=1798"},{"taxonomy":"post_tag","embeddable":true,"href":"https:\/\/fipe.caceres.mt.gov.br\/index.php?rest_route=%2Fwp%2Fv2%2Ftags&post=1798"}],"curies":[{"name":"wp","href":"https:\/\/api.w.org\/{rel}","templated":true}]}}