{"id":1719,"date":"2025-07-23T17:09:26","date_gmt":"2025-07-23T21:09:26","guid":{"rendered":"https:\/\/fipe.caceres.mt.gov.br\/?p=1719"},"modified":"2025-07-23T17:09:27","modified_gmt":"2025-07-23T21:09:27","slug":"grupo-juba-patrocina-a-prova-de-pesca-pcd-no-42o-fipe","status":"publish","type":"post","link":"https:\/\/fipe.caceres.mt.gov.br\/?p=1719","title":{"rendered":"Grupo Juba patrocina a prova de pesca PCD no 42\u00ba FIPe"},"content":{"rendered":"\n<p><a href=\"https:\/\/www.addtoany.com\/share#url=https%3A%2F%2Fwww.caceres.mt.gov.br%2FNoticias%2FGrupo-juba-patrocina-a-prova-de-pesca-pcd-no-42-fipe-10460%2F&amp;title=Grupo%20Juba%20patrocina%20a%20prova%20de%20pesca%20PCD%20no%2042%C2%BA%20FIPe%20-%20Prefeitura%20Municipal%20de%20C%C3%A1ceres\"><\/a><\/p>\n\n\n\n<p>O Grupo Juba tem a honra de anunciar o patroc\u00ednio exclusivo da prova de pesca PCD (Pessoas com Defici\u00eancia) na 42\u00aa edi\u00e7\u00e3o do Festival Internacional de Pesca Esportiva de C\u00e1ceres (FIPe), que este ano traz como tema \u201cInclus\u00e3o e Pescaria\u201d e acontece de 06 a 10 de agosto nas \u00e1guas do rio Paraguai.<\/p>\n\n\n\n<p>Com um investimento de R$ 45 mil, o Grupo reafirma seu compromisso com a inclus\u00e3o social, o respeito \u00e0 diversidade e o incentivo ao esporte acess\u00edvel. A prova \u00e9 voltada a pessoas com defici\u00eancia visual, auditiva, intelectual, f\u00edsica e motora, promovendo integra\u00e7\u00e3o e visibilidade dentro de um dos maiores eventos culturais e esportivos do pa\u00eds.<\/p>\n\n\n\n<p>De acordo com Elo\u00e1 Lucchesi Ribeiro, gerente de Projetos Estrat\u00e9gicos do Grupo Juba, o patroc\u00ednio representa um marco importante.<\/p>\n\n\n\n<p>\u201cA categoria PCD simboliza o avan\u00e7o das pol\u00edticas de inclus\u00e3o e o fortalecimento do protagonismo das pessoas com defici\u00eancia. Por isso, estamos aqui, investindo e acreditando que o esporte pode transformar vidas e abrir caminhos para mais igualdade\u201d, avalia Elo\u00e1.<\/p>\n\n\n\n<p>A secret\u00e1ria de Turismo e Cultura de C\u00e1ceres e coordenadora geral do evento, Alessandra Castilho, agradeceu a parceria e destacou a relev\u00e2ncia da iniciativa.<\/p>\n\n\n\n<p>\u201cO apoio do Grupo Juba \u00e0 prova PCD representa mais do que um patroc\u00ednio, \u00e9 uma conquista na luta por respeito, equidade e visibilidade das diferen\u00e7as\u201d, destaca Castilho.<\/p>\n\n\n\n<p>Para o diretor do Grupo Juba, Marcelo Ribeiro, o compromisso com a inclus\u00e3o vai al\u00e9m do FIPe.<\/p>\n\n\n\n<p>\u201cNossa empresa emprega dezenas de pessoas com defici\u00eancia em diferentes setores, sempre com respeito, oportunidades reais e reconhecimento. A participa\u00e7\u00e3o no FIPe refor\u00e7a essa miss\u00e3o de construir, todos os dias, um ambiente mais justo e acess\u00edvel para todos \u201d ressalta Marcelo.<\/p>\n\n\n\n<p><strong>Esdras Crepaldi \/ DRT 940<\/strong><\/p>\n","protected":false},"excerpt":{"rendered":"<p>O Grupo Juba tem a honra de anunciar o patroc\u00ednio exclusivo da prova de pesca PCD (Pessoas com Defici\u00eancia) na 42\u00aa edi\u00e7\u00e3o do Festival Internacional de Pesca Esportiva de C\u00e1ceres (FIPe), que este ano traz como tema \u201cInclus\u00e3o e Pescaria\u201d e acontece de 06 a 10 de agosto nas \u00e1guas do rio Paraguai. Com um [&hellip;]<\/p>\n","protected":false},"author":2,"featured_media":1720,"comment_status":"open","ping_status":"open","sticky":false,"template":"","format":"standard","meta":{"footnotes":""},"categories":[1],"tags":[52,49,53,51,50],"class_list":["post-1719","post","type-post","status-publish","format-standard","has-post-thumbnail","hentry","category-sem-categoria","tag-defici","tag-grupo","tag-inclus","tag-pessoas","tag-prova"],"blocksy_meta":[],"_links":{"self":[{"href":"https:\/\/fipe.caceres.mt.gov.br\/index.php?rest_route=\/wp\/v2\/posts\/1719","targetHints":{"allow":["GET"]}}],"collection":[{"href":"https:\/\/fipe.caceres.mt.gov.br\/index.php?rest_route=\/wp\/v2\/posts"}],"about":[{"href":"https:\/\/fipe.caceres.mt.gov.br\/index.php?rest_route=\/wp\/v2\/types\/post"}],"author":[{"embeddable":true,"href":"https:\/\/fipe.caceres.mt.gov.br\/index.php?rest_route=\/wp\/v2\/users\/2"}],"replies":[{"embeddable":true,"href":"https:\/\/fipe.caceres.mt.gov.br\/index.php?rest_route=%2Fwp%2Fv2%2Fcomments&post=1719"}],"version-history":[{"count":0,"href":"https:\/\/fipe.caceres.mt.gov.br\/index.php?rest_route=\/wp\/v2\/posts\/1719\/revisions"}],"wp:featuredmedia":[{"embeddable":true,"href":"https:\/\/fipe.caceres.mt.gov.br\/index.php?rest_route=\/wp\/v2\/media\/1720"}],"wp:attachment":[{"href":"https:\/\/fipe.caceres.mt.gov.br\/index.php?rest_route=%2Fwp%2Fv2%2Fmedia&parent=1719"}],"wp:term":[{"taxonomy":"category","embeddable":true,"href":"https:\/\/fipe.caceres.mt.gov.br\/index.php?rest_route=%2Fwp%2Fv2%2Fcategories&post=1719"},{"taxonomy":"post_tag","embeddable":true,"href":"https:\/\/fipe.caceres.mt.gov.br\/index.php?rest_route=%2Fwp%2Fv2%2Ftags&post=1719"}],"curies":[{"name":"wp","href":"https:\/\/api.w.org\/{rel}","templated":true}]}}