{"id":1716,"date":"2025-07-23T17:08:36","date_gmt":"2025-07-23T21:08:36","guid":{"rendered":"https:\/\/fipe.caceres.mt.gov.br\/?p=1716"},"modified":"2025-07-23T17:08:37","modified_gmt":"2025-07-23T21:08:37","slug":"grade-de-shows-do-fipe-ganha-mais-uma-atracao-mariana-fagundes-e-rpm-antecipa-sua-apresentacao-para-dia-08-08","status":"publish","type":"post","link":"https:\/\/fipe.caceres.mt.gov.br\/?p=1716","title":{"rendered":"Grade de shows do FIPe ganha mais uma atra\u00e7\u00e3o, Mariana Fagundes, e RPM antecipa sua apresenta\u00e7\u00e3o para dia 08\/08"},"content":{"rendered":"\n<p>A Secret\u00e1ria Municipal de Turismo e Cultura de C\u00e1ceres, Alessandra Castilho, anunciou uma atualiza\u00e7\u00e3o na programa\u00e7\u00e3o do 42\u00ba Festival Internacional de Pesca Esportiva (FIPe). Agora, o evento contar\u00e1 com mais uma atra\u00e7\u00e3o de destaque na grade de shows nacionais, a cantora Mariana Fagundes, que se junta \u00e0 programa\u00e7\u00e3o no dia 9 de agosto, refor\u00e7ando a grade de apresenta\u00e7\u00e3o no dia de Bar\u00f5es da Pisadinha.<\/p>\n\n\n\n<p>Al\u00e9m disso, a banda RPM, que se apresentaria no dia 9, antecipou sua participa\u00e7\u00e3o para o dia 8, trazendo ainda mais energia para o evento.<\/p>\n\n\n\n<p>Confira a grade de shows atualizada:<\/p>\n\n\n\n<p><strong>Dia 6 de agosto<\/strong>:<\/p>\n\n\n\n<ul class=\"wp-block-list\">\n<li>Show gospel com Jefferson e Suellen<\/li>\n\n\n\n<li>Encerramento com Simone Mendes<\/li>\n<\/ul>\n\n\n\n<p><strong>Dia 7 de agosto<\/strong>:<\/p>\n\n\n\n<ul class=\"wp-block-list\">\n<li>Gustavo Mioto<\/li>\n\n\n\n<li>Matheuzinho Sucessinho<\/li>\n<\/ul>\n\n\n\n<p><strong>Dia 8 de agosto<\/strong>&nbsp;(com mudan\u00e7as):<\/p>\n\n\n\n<ul class=\"wp-block-list\">\n<li>Camisa 10<\/li>\n\n\n\n<li>Jo\u00e3o Neto e Frederico<\/li>\n\n\n\n<li>RPM (apresenta\u00e7\u00e3o antecipada)<\/li>\n<\/ul>\n\n\n\n<p><strong>Dia 9 de agosto<\/strong>&nbsp;(com ajustes):<\/p>\n\n\n\n<ul class=\"wp-block-list\">\n<li>Mariana Fagundes (nova apresenta\u00e7\u00e3o)<\/li>\n\n\n\n<li>Bar\u00f5es da Pisadinha<\/li>\n<\/ul>\n\n\n\n<p><strong>Encerramento (dia 10 de agosto)<\/strong>:<\/p>\n\n\n\n<ul class=\"wp-block-list\">\n<li>Alecir e Alessandro<\/li>\n\n\n\n<li>Ana Castella (Boiadeira)<\/li>\n<\/ul>\n\n\n\n<p>O 42\u00ba FIPe, que acontece de 6 a 10 de agosto, continua com todos os shows nacionais gratuitos, proporcionando uma experi\u00eancia imperd\u00edvel para a comunidade local e visitantes.<\/p>\n\n\n\n<p>A Prefeitura de C\u00e1ceres convida todos a prestigiarem este evento que celebra a pesca esportiva e a cultura local.<\/p>\n\n\n\n<p><strong>Esdras Crepaldi \/ DRT 940 MT<\/strong><a href=\"https:\/\/www.addtoany.com\/share#url=https%3A%2F%2Fwww.caceres.mt.gov.br%2FNoticias%2FGrade-de-shows-do-fipe-ganha-mais-uma-atracao-mariana-fagundes-e-rpm-antecipa-sua-apresentacao-para-dia-0808-10461%2F&amp;title=Grade%20de%20shows%20do%20FIPe%20ganha%20mais%20uma%20atra%C3%A7%C3%A3o%2C%20Mariana%20Fagundes%2C%20e%20RPM%20antecipa%20sua%20apresenta%C3%A7%C3%A3o%20para%20dia%2008%2F08%20-%20Prefeitura%20Municipal%20de%20C%C3%A1ceres\"><\/a><\/p>\n","protected":false},"excerpt":{"rendered":"<p>A Secret\u00e1ria Municipal de Turismo e Cultura de C\u00e1ceres, Alessandra Castilho, anunciou uma atualiza\u00e7\u00e3o na programa\u00e7\u00e3o do 42\u00ba Festival Internacional de Pesca Esportiva (FIPe). Agora, o evento contar\u00e1 com mais uma atra\u00e7\u00e3o de destaque na grade de shows nacionais, a cantora Mariana Fagundes, que se junta \u00e0 programa\u00e7\u00e3o no dia 9 de agosto, refor\u00e7ando a [&hellip;]<\/p>\n","protected":false},"author":2,"featured_media":1717,"comment_status":"open","ping_status":"open","sticky":false,"template":"","format":"standard","meta":{"footnotes":""},"categories":[7],"tags":[54,34,55,56,13],"class_list":["post-1716","post","type-post","status-publish","format-standard","has-post-thumbnail","hentry","category-manchetes","tag-agosto","tag-apresenta","tag-grade","tag-mariana","tag-shows"],"blocksy_meta":[],"_links":{"self":[{"href":"https:\/\/fipe.caceres.mt.gov.br\/index.php?rest_route=\/wp\/v2\/posts\/1716","targetHints":{"allow":["GET"]}}],"collection":[{"href":"https:\/\/fipe.caceres.mt.gov.br\/index.php?rest_route=\/wp\/v2\/posts"}],"about":[{"href":"https:\/\/fipe.caceres.mt.gov.br\/index.php?rest_route=\/wp\/v2\/types\/post"}],"author":[{"embeddable":true,"href":"https:\/\/fipe.caceres.mt.gov.br\/index.php?rest_route=\/wp\/v2\/users\/2"}],"replies":[{"embeddable":true,"href":"https:\/\/fipe.caceres.mt.gov.br\/index.php?rest_route=%2Fwp%2Fv2%2Fcomments&post=1716"}],"version-history":[{"count":0,"href":"https:\/\/fipe.caceres.mt.gov.br\/index.php?rest_route=\/wp\/v2\/posts\/1716\/revisions"}],"wp:featuredmedia":[{"embeddable":true,"href":"https:\/\/fipe.caceres.mt.gov.br\/index.php?rest_route=\/wp\/v2\/media\/1717"}],"wp:attachment":[{"href":"https:\/\/fipe.caceres.mt.gov.br\/index.php?rest_route=%2Fwp%2Fv2%2Fmedia&parent=1716"}],"wp:term":[{"taxonomy":"category","embeddable":true,"href":"https:\/\/fipe.caceres.mt.gov.br\/index.php?rest_route=%2Fwp%2Fv2%2Fcategories&post=1716"},{"taxonomy":"post_tag","embeddable":true,"href":"https:\/\/fipe.caceres.mt.gov.br\/index.php?rest_route=%2Fwp%2Fv2%2Ftags&post=1716"}],"curies":[{"name":"wp","href":"https:\/\/api.w.org\/{rel}","templated":true}]}}