{"id":1631,"date":"2025-07-17T23:00:00","date_gmt":"2025-07-18T03:00:00","guid":{"rendered":"https:\/\/fipe.caceres.mt.gov.br\/?p=1631"},"modified":"2025-07-21T17:34:19","modified_gmt":"2025-07-21T21:34:19","slug":"prefeitura-apresenta-oficialmente-o-fipe-2025-simone-mendes-abre-e-ana-castela-encerra-o-festival","status":"publish","type":"post","link":"https:\/\/fipe.caceres.mt.gov.br\/?p=1631","title":{"rendered":"Prefeitura apresenta oficialmente o FIPe 2025, Simone Mendes abre e Ana Castela encerra o festival"},"content":{"rendered":"\n<p>Na noite desta quinta-feira (17\/07), a Prefeitura de C\u00e1ceres realizou, na Casa do Daveron, &nbsp;sede da Secretaria Municipal de Turismo e Cultura, &nbsp;o lan\u00e7amento oficial da 42\u00aa edi\u00e7\u00e3o do Festival Internacional de Pesca Esportiva (FIPe), o maior evento tur\u00edstico de Mato Grosso e considerado o principal festival de pesca esportiva do pa\u00eds. A cerim\u00f4nia reuniu autoridades, patrocinadores, representantes de institui\u00e7\u00f5es, convidados e ve\u00edculos de imprensa para a divulga\u00e7\u00e3o da programa\u00e7\u00e3o completa, incluindo a aguardada lista de atra\u00e7\u00f5es musicais.<\/p>\n\n\n\n<p>O FIPe 2025 ser\u00e1 realizado entre os dias 6 e 10 de agosto e promete atrair mais de 150 mil pessoas durante os seis dias de atividades. A programa\u00e7\u00e3o inclui competi\u00e7\u00f5es de pesca, eventos culturais, gastronomia, feiras tem\u00e1ticas e apresenta\u00e7\u00f5es musicais gratuitas.<\/p>\n\n\n\n<p>\u201cA cidade se prepara mais uma vez para viver intensamente este grande momento. O rio Paraguai receber\u00e1 os competidores da pesca esportiva, no estilo \u2018pescou, soltou\u2019, e as areias do Daveron se transformar\u00e3o em arenas para esportes de praia. J\u00e1 a Pra\u00e7a de Eventos da Sematur e a Bar\u00e3o &nbsp;ser\u00e3o palcos para as feiras, apresenta\u00e7\u00f5es culturais, comidas t\u00edpicas e os shows que animam o p\u00fablico todas as noites\u201d, afirmou a secret\u00e1ria municipal de Turismo e Cultura e coordenadora geral do festival, Alessandra Castilho.<\/p>\n\n\n\n<p>Segundo Alessandra, as competi\u00e7\u00f5es de pesca continuam sendo o cora\u00e7\u00e3o do festival. \u201cEmbora todas as atividades tenham sua import\u00e2ncia, as provas de pesca s\u00e3o a ess\u00eancia do FIPe. Foi a partir delas que tudo come\u00e7ou, ainda nos anos 1980, com nomes como Aderbal, Bertolino Michels, Adelino Pirangueiro (in memoriam) e Luizmar Faquini, que deram in\u00edcio ao antigo Festival do Peixe. Desde ent\u00e3o, crescemos muito, sem perder nossa origem\u201d, ressaltou.<\/p>\n\n\n\n<p>As disputas incluem categorias adaptadas como a voltada para Pessoas com Defici\u00eancia (PCD), al\u00e9m das categorias s\u00eanior (para competidores acima dos 60 anos), infantil e juvenil. J\u00e1 nas provas embarcadas, as modalidades contemplam caiaque, canoa a remo e pesca motorizada.<\/p>\n\n\n\n<p>Durante o lan\u00e7amento, a prefeita Eliene Liberato Dias celebrou o envolvimento da popula\u00e7\u00e3o no crescimento do FIPe. \u201cEste festival \u00e9 resultado do trabalho coletivo. A comunidade de C\u00e1ceres abra\u00e7ou o FIPe e o tornou refer\u00eancia nacional. \u00c9 um orgulho dizer que esse evento \u00e9 da nossa cidade, do nosso estado, e representa todo o Brasil\u201d, destacou.<\/p>\n\n\n\n<p>Eliene tamb\u00e9m agradeceu o suporte dos governos federal e estadual, da Assembleia Legislativa de Mato Grosso, da C\u00e2mara de Vereadores de C\u00e1ceres e dos patrocinadores. \u201cNada disso seria poss\u00edvel sem o apoio de tantos parceiros. S\u00e3o eles, junto com a equipe da prefeitura, que tornam este grande evento realidade\u201d, completou.<\/p>\n\n\n\n<p>Na ocasi\u00e3o, tamb\u00e9m foi exibido o v\u00eddeo institucional do 42\u00ba FIPe, apresentando os detalhes da programa\u00e7\u00e3o e a grade musical, que \u00e9 uma das atra\u00e7\u00f5es mais aguardadas.<\/p>\n\n\n\n<p>\u201cA cada ano, os shows t\u00eam atra\u00eddo um p\u00fablico maior. O melhor de tudo \u00e9 que s\u00e3o apresenta\u00e7\u00f5es abertas ao p\u00fablico, garantindo acesso gratuito \u00e0 cultura e ao entretenimento de qualidade\u201d, ressaltou a prefeita.<\/p>\n\n\n\n<p>A programa\u00e7\u00e3o de shows deste ano est\u00e1 bastante diversificada. A abertura, no dia 6 de agosto, ser\u00e1 com apresenta\u00e7\u00e3o gospel de&nbsp;<strong>Jefferson e Suellen<\/strong>, seguida pela estrela do sertanejo&nbsp;<strong>Simone Mendes<\/strong>. No dia 7, o p\u00fablico curtir\u00e1 o carisma e talento de&nbsp;<strong>Gustavo Mioto<\/strong>&nbsp;e, em seguida, o animado&nbsp;<strong>Matheuzinho Sucessinho<\/strong>. Na sexta (8), a noite come\u00e7a ao som de&nbsp;<strong>Kamisa 10<\/strong>, grupo sensa\u00e7\u00e3o do pagode atual, e segue com&nbsp;<strong>Jo\u00e3o Neto e Frederico<\/strong>, \u00edcones do sertanejo universit\u00e1rio. J\u00e1, s\u00e1bado (9) ter\u00e1 rock nacional com&nbsp;<strong>RPM<\/strong>&nbsp;e muito forr\u00f3 com&nbsp;<strong>Os Bar\u00f5es da Pisadinha<\/strong>. Encerrando o festival, no domingo (10),&nbsp;<strong>Alecir e Alessandro<\/strong>&nbsp;sobem ao palco, e a grande estrela da noite ser\u00e1&nbsp;<strong>Ana Castela<\/strong>, a \u201cboiadeira\u201d que conquistou o pa\u00eds.<\/p>\n\n\n\n<p><strong>Esdras Crepaldi \/ DRT 940 MT<\/strong><\/p>\n","protected":false},"excerpt":{"rendered":"<p>Na noite desta quinta-feira (17\/07), a Prefeitura de C\u00e1ceres realizou, na Casa do Daveron, &nbsp;sede da Secretaria Municipal de Turismo e Cultura, &nbsp;o lan\u00e7amento oficial da 42\u00aa edi\u00e7\u00e3o do Festival Internacional de Pesca Esportiva (FIPe), o maior evento tur\u00edstico de Mato Grosso e considerado o principal festival de pesca esportiva do pa\u00eds. A cerim\u00f4nia reuniu [&hellip;]<\/p>\n","protected":false},"author":2,"featured_media":1632,"comment_status":"open","ping_status":"open","sticky":false,"template":"","format":"standard","meta":{"footnotes":""},"categories":[7],"tags":[34,42,9,11,12],"class_list":["post-1631","post","type-post","status-publish","format-standard","has-post-thumbnail","hentry","category-manchetes","tag-apresenta","tag-blico","tag-festival","tag-pesca","tag-programa"],"blocksy_meta":[],"_links":{"self":[{"href":"https:\/\/fipe.caceres.mt.gov.br\/index.php?rest_route=\/wp\/v2\/posts\/1631","targetHints":{"allow":["GET"]}}],"collection":[{"href":"https:\/\/fipe.caceres.mt.gov.br\/index.php?rest_route=\/wp\/v2\/posts"}],"about":[{"href":"https:\/\/fipe.caceres.mt.gov.br\/index.php?rest_route=\/wp\/v2\/types\/post"}],"author":[{"embeddable":true,"href":"https:\/\/fipe.caceres.mt.gov.br\/index.php?rest_route=\/wp\/v2\/users\/2"}],"replies":[{"embeddable":true,"href":"https:\/\/fipe.caceres.mt.gov.br\/index.php?rest_route=%2Fwp%2Fv2%2Fcomments&post=1631"}],"version-history":[{"count":0,"href":"https:\/\/fipe.caceres.mt.gov.br\/index.php?rest_route=\/wp\/v2\/posts\/1631\/revisions"}],"wp:featuredmedia":[{"embeddable":true,"href":"https:\/\/fipe.caceres.mt.gov.br\/index.php?rest_route=\/wp\/v2\/media\/1632"}],"wp:attachment":[{"href":"https:\/\/fipe.caceres.mt.gov.br\/index.php?rest_route=%2Fwp%2Fv2%2Fmedia&parent=1631"}],"wp:term":[{"taxonomy":"category","embeddable":true,"href":"https:\/\/fipe.caceres.mt.gov.br\/index.php?rest_route=%2Fwp%2Fv2%2Fcategories&post=1631"},{"taxonomy":"post_tag","embeddable":true,"href":"https:\/\/fipe.caceres.mt.gov.br\/index.php?rest_route=%2Fwp%2Fv2%2Ftags&post=1631"}],"curies":[{"name":"wp","href":"https:\/\/api.w.org\/{rel}","templated":true}]}}