{"id":1393,"date":"2025-07-14T19:27:58","date_gmt":"2025-07-14T23:27:58","guid":{"rendered":"http:\/\/localhost\/fipe\/?p=1393"},"modified":"2025-07-14T19:28:03","modified_gmt":"2025-07-14T23:28:03","slug":"prefeitura-lanca-o-fipe-nesta-quinta-feira-17-e-anuncia-programacao-e-grade-de-shows","status":"publish","type":"post","link":"https:\/\/fipe.caceres.mt.gov.br\/?p=1393","title":{"rendered":"Prefeitura lan\u00e7a o FIPe nesta quinta-feira (17) e anuncia programa\u00e7\u00e3o e grade de shows"},"content":{"rendered":"\n<p><a href=\"https:\/\/www.addtoany.com\/share#url=https%3A%2F%2Fwww.caceres.mt.gov.br%2FNoticias%2FPrefeitura-lanca-o--fipe-nesta-quinta-feira-17-e-anuncia-programacao-e-grade--de-shows-10441%2F&amp;title=Prefeitura%20lan%C3%A7a%20o%20FIPe%20nesta%20quinta-feira%20(17)%20e%20anuncia%20programa%C3%A7%C3%A3o%20e%20grade%20de%20shows%20-%20Prefeitura%20Municipal%20de%20C%C3%A1ceres\"><\/a><\/p>\n\n\n\n<p>A Prefeitura de C\u00e1ceres lan\u00e7a nesta quinta-feira (17\/07), \u00e0s 19h30, na sede da Secretaria Municipal de Turismo e Cultura, a 42\u00aa edi\u00e7\u00e3o do Festival Internacional de Pesca Esportiva \u2013 FIPe. Com uma programa\u00e7\u00e3o diversificada, o evento de lan\u00e7amento contar\u00e1 com a exibi\u00e7\u00e3o de um v\u00eddeo institucional do Festival e o an\u00fancio da t\u00e3o aguardada grade de shows nacionais, entre outras atra\u00e7\u00f5es.<\/p>\n\n\n\n<p>Este ano, o FIPe acontece entre os dias 06 e 10 de agosto e, mais uma vez, celebra a piscosidade do rio Paraguai. No entanto, o evento vai muito al\u00e9m da tradicional competi\u00e7\u00e3o de pesca nas categorias PCD, S\u00eanior, Infantojuvenil, Caiaque, Canoa e Motorizada. Durante os cinco dias de festival, a programa\u00e7\u00e3o contempla shows regionais e nacionais gratuitos, apresenta\u00e7\u00f5es culturais, feiras n\u00e1utica, gastron\u00f4mica, de artesanato e artes pl\u00e1sticas, parque de divers\u00f5es, jogos de praia, oficinas ambientais e diversas atividades de lazer para a popula\u00e7\u00e3o local e visitantes.<\/p>\n\n\n\n<p>De acordo com a secret\u00e1ria municipal de Turismo e Cultura, Alessandra Castilho, espera-se que o FIPe gere um impacto significativo na economia local e atraia milhares de visitantes. \u201cContamos com total apoio da prefeita Eliene e estamos em busca de recursos junto a \u00f3rg\u00e3os p\u00fablicos e empresas privadas. Mais uma vez, realizaremos um grande evento que valoriza a cultura regional, estimula o turismo e fortalece os setores de com\u00e9rcio e servi\u00e7os\u201d, ressaltou Alessandra.<\/p>\n\n\n\n<p>A prefeita Eliene Liberato Dias tamb\u00e9m destacou a relev\u00e2ncia do Festival e a expectativa da administra\u00e7\u00e3o para esta nova edi\u00e7\u00e3o. \u201cO FIPe \u00e9 o maior festival de pesca esportiva do pa\u00eds. Estamos dedicados e empenhados em proporcionar uma festa segura, acolhedora e inesquec\u00edvel para todos. \u00c9 uma ocasi\u00e3o para celebrar nossa identidade, as belezas naturais e o potencial do nosso povo\u201d, afirmou a prefeita.<\/p>\n\n\n\n<p>Eliene conclui reafirmando que C\u00e1ceres \u00e9 uma refer\u00eancia nacional em turismo ecol\u00f3gico, de pesca esportiva, &nbsp;cultural e de lazer.<\/p>\n\n\n\n<p><strong>Esdras Crepaldi \/ DRT&nbsp;940 MT<\/strong><\/p>\n","protected":false},"excerpt":{"rendered":"<p>A Prefeitura de C\u00e1ceres lan\u00e7a nesta quinta-feira (17\/07), \u00e0s 19h30, na sede da Secretaria Municipal de Turismo e Cultura, a 42\u00aa edi\u00e7\u00e3o do Festival Internacional de Pesca Esportiva \u2013 FIPe. Com uma programa\u00e7\u00e3o diversificada, o evento de lan\u00e7amento contar\u00e1 com a exibi\u00e7\u00e3o de um v\u00eddeo institucional do Festival e o an\u00fancio da t\u00e3o aguardada grade [&hellip;]<\/p>\n","protected":false},"author":2,"featured_media":1394,"comment_status":"open","ping_status":"open","sticky":false,"template":"","format":"standard","meta":{"footnotes":""},"categories":[7],"tags":[9,11,12,13,10],"class_list":["post-1393","post","type-post","status-publish","format-standard","has-post-thumbnail","hentry","category-manchetes","tag-festival","tag-pesca","tag-programa","tag-shows","tag-turismo"],"blocksy_meta":[],"_links":{"self":[{"href":"https:\/\/fipe.caceres.mt.gov.br\/index.php?rest_route=\/wp\/v2\/posts\/1393","targetHints":{"allow":["GET"]}}],"collection":[{"href":"https:\/\/fipe.caceres.mt.gov.br\/index.php?rest_route=\/wp\/v2\/posts"}],"about":[{"href":"https:\/\/fipe.caceres.mt.gov.br\/index.php?rest_route=\/wp\/v2\/types\/post"}],"author":[{"embeddable":true,"href":"https:\/\/fipe.caceres.mt.gov.br\/index.php?rest_route=\/wp\/v2\/users\/2"}],"replies":[{"embeddable":true,"href":"https:\/\/fipe.caceres.mt.gov.br\/index.php?rest_route=%2Fwp%2Fv2%2Fcomments&post=1393"}],"version-history":[{"count":0,"href":"https:\/\/fipe.caceres.mt.gov.br\/index.php?rest_route=\/wp\/v2\/posts\/1393\/revisions"}],"wp:featuredmedia":[{"embeddable":true,"href":"https:\/\/fipe.caceres.mt.gov.br\/index.php?rest_route=\/wp\/v2\/media\/1394"}],"wp:attachment":[{"href":"https:\/\/fipe.caceres.mt.gov.br\/index.php?rest_route=%2Fwp%2Fv2%2Fmedia&parent=1393"}],"wp:term":[{"taxonomy":"category","embeddable":true,"href":"https:\/\/fipe.caceres.mt.gov.br\/index.php?rest_route=%2Fwp%2Fv2%2Fcategories&post=1393"},{"taxonomy":"post_tag","embeddable":true,"href":"https:\/\/fipe.caceres.mt.gov.br\/index.php?rest_route=%2Fwp%2Fv2%2Ftags&post=1393"}],"curies":[{"name":"wp","href":"https:\/\/api.w.org\/{rel}","templated":true}]}}