{"id":1388,"date":"2025-07-14T19:27:07","date_gmt":"2025-07-14T23:27:07","guid":{"rendered":"http:\/\/localhost\/fipe\/?p=1388"},"modified":"2025-07-14T19:27:10","modified_gmt":"2025-07-14T23:27:10","slug":"prefeitura-de-caceres-divulga-lista-de-artistas-credenciados-para-eventos-culturais","status":"publish","type":"post","link":"https:\/\/fipe.caceres.mt.gov.br\/?p=1388","title":{"rendered":"Prefeitura de C\u00e1ceres divulga lista de artistas credenciados para eventos culturais"},"content":{"rendered":"\n<p><a href=\"https:\/\/www.addtoany.com\/share#url=https%3A%2F%2Fwww.caceres.mt.gov.br%2FNoticias%2FPrefeitura-de-caceres-divulga-lista-de-artistas-credenciados-para-eventos-culturais-10444%2F&amp;title=Prefeitura%20de%20C%C3%A1ceres%20divulga%20lista%20de%20artistas%20credenciados%20para%20eventos%20culturais%20-%20Prefeitura%20Municipal%20de%20C%C3%A1ceres\"><\/a><\/p>\n\n\n\n<div class=\"wp-block-file\"><a id=\"wp-block-file--media-36b9ceab-a4b6-436b-a9c3-44f4a3e5d5d4\" href=\"https:\/\/fipe.caceres.mt.gov.br\/wp-content\/uploads\/2025\/07\/268.pdf\" target=\"_blank\" rel=\"noreferrer noopener\">268<\/a><a href=\"https:\/\/fipe.caceres.mt.gov.br\/wp-content\/uploads\/2025\/07\/268.pdf\" class=\"wp-block-file__button wp-element-button\" download aria-describedby=\"wp-block-file--media-36b9ceab-a4b6-436b-a9c3-44f4a3e5d5d4\">Baixar<\/a><\/div>\n\n\n\n<p>A Prefeitura Municipal de C\u00e1ceres, por meio da Secretaria Municipal de Turismo e Cultura (SMTC), torna p\u00fablica a lista de artistas credenciados nos segmentos de m\u00fasica, dan\u00e7a e teatro. O credenciamento \u00e9 fruto do processo seletivo realizado entre os dias 27 de junho e 11 de julho, que contou com ampla ades\u00e3o de artistas e grupos culturais locais.<\/p>\n\n\n\n<p>A iniciativa visa fortalecer a programa\u00e7\u00e3o cultural dos eventos oficiais promovidos pelo munic\u00edpio, garantindo \u00e0 popula\u00e7\u00e3o o acesso a apresenta\u00e7\u00f5es art\u00edsticas diversificadas e de qualidade. Com a conclus\u00e3o do processo, os artistas credenciados est\u00e3o aptos a serem contratados para compor as atra\u00e7\u00f5es de datas comemorativas e demais atividades culturais ao longo do ano.<\/p>\n\n\n\n<p>Segundo a secret\u00e1ria municipal de Turismo e Cultura, Alessandra Castilho, os profissionais selecionados ser\u00e3o convidados a participar dos eventos conforme a demanda prevista no calend\u00e1rio oficial da Prefeitura, respeitando a lista de credenciados.<\/p>\n\n\n\n<p>A SMTC agradece a significativa participa\u00e7\u00e3o da comunidade art\u00edstica e refor\u00e7a o compromisso da gest\u00e3o municipal com a valoriza\u00e7\u00e3o da cultura local. A a\u00e7\u00e3o integra uma pol\u00edtica p\u00fablica que reconhece a import\u00e2ncia da arte como instrumento de desenvolvimento social e da constru\u00e7\u00e3o de uma C\u00e1ceres mais viva, plural e democr\u00e1tica.<\/p>\n\n\n\n<figure class=\"wp-block-table\"><table class=\"has-fixed-layout\"><tbody><tr><td colspan=\"5\"><strong>EDITAL DE CREDENCIAMENTO N\u00ba 003\/2025 DE ARTISTAS NA \u00c1REA DA M\u00daSICA, DAN\u00c7A E TEATRO<\/strong><\/td><\/tr><tr><td><strong>ITEM<\/strong><\/td><td><strong>NOME<\/strong><\/td><td><strong>NOME ART\u00cdSTICO<\/strong><\/td><td><strong>SEGUIMENTO<\/strong><\/td><td><strong>SITUA\u00c7\u00c3O<\/strong><\/td><\/tr><tr><td>01<\/td><td>Cledenilson dos Santos Brito<\/td><td>Banda 4 Esta\u00e7\u00f5es<\/td><td>M\u00fasica<\/td><td>65<\/td><\/tr><tr><td>02<\/td><td>&nbsp;H\u00e9lio In\u00e1cio Santana<\/td><td>Helinho San<\/td><td>M\u00fasica<\/td><td>65<\/td><\/tr><tr><td>03<\/td><td>Celso Mascarenhas<\/td><td>Banda Forr\u00f3 Brasil<\/td><td>M\u00fasica<\/td><td>65<\/td><\/tr><tr><td>04<\/td><td>Amanda Gattass Batista<\/td><td>River band<\/td><td>M\u00fasica<\/td><td>65<\/td><\/tr><tr><td>05<\/td><td>Cleiton Ricarde da Silva<\/td><td>Banda kara nova<\/td><td>M\u00fasica<\/td><td>65<\/td><\/tr><tr><td>06<\/td><td>&nbsp;Luis Guilherme Rodrigues Leite<\/td><td>Banda Caramel Dog<\/td><td>M\u00fasica<\/td><td>65<\/td><\/tr><tr><td>07<\/td><td>Mois\u00e9s Pereira da Silva<\/td><td>Chapa Kenty<\/td><td>M\u00fasica<\/td><td>65<\/td><\/tr><tr><td>08<\/td><td>Orquestra Sinf\u00f4nica da Unemat.<\/td><td>Orquestra Sinf\u00f4nica<\/td><td>M\u00fasica<\/td><td>65<\/td><\/tr><tr><td>09<\/td><td>Andrew Robert da Silva<\/td><td>Pegada do Forr\u00f3<\/td><td>M\u00fasica<\/td><td>65<\/td><\/tr><tr><td>10<\/td><td>&nbsp;Higor Fauber Lemes de Oliveira<\/td><td>Samba D+<\/td><td>M\u00fasica<\/td><td>65<\/td><\/tr><tr><td>11<\/td><td>Guilherme Ramos de Almeida<\/td><td>Soul do Samba<\/td><td>M\u00fasica<\/td><td>65<\/td><\/tr><tr><td>12<\/td><td>Gabriel Ferreira Santana<\/td><td>Bugre Soul<\/td><td>M\u00fasica<\/td><td>65<\/td><\/tr><tr><td>13<\/td><td>Rauni Villasboas Valentim<\/td><td>O Morma\u00e7o Severino<\/td><td>M\u00fasica<\/td><td>65<\/td><\/tr><tr><td>14<\/td><td>Pamella Emanuelle de Almeida Machado.<\/td><td>Pamella Emanuelle<\/td><td>M\u00fasica<\/td><td>62<\/td><\/tr><tr><td>15<\/td><td>Luiz Fernando da Silva Costa Surubi<\/td><td>Fernando Vezaro<\/td><td>M\u00fasica<\/td><td>62<\/td><\/tr><tr><td>16<\/td><td>Washington Rodrigues da Silva<\/td><td>Banda forr\u00f3 mixx<\/td><td>M\u00fasica<\/td><td>61<\/td><\/tr><tr><td>17<\/td><td><a>Jo\u00e3o Batista Santana<\/a><\/td><td>Jo\u00e3o Santana<\/td><td>M\u00fasica<\/td><td>61<\/td><\/tr><tr><td>18<\/td><td>C\u00edcero dos Santos<\/td><td>Joel dos Teclados<\/td><td>M\u00fasica<\/td><td>60<\/td><\/tr><tr><td>19<\/td><td>Marcio Camilo da Cruz<\/td><td>\u00c0 Vera Full<\/td><td>M\u00fasica<\/td><td>60<\/td><\/tr><tr><td>20<\/td><td>&nbsp;Wennys Rodrigues Maciel<\/td><td>Dj Wennys<\/td><td>M\u00fasica<\/td><td>60<\/td><\/tr><tr><td>21<\/td><td>Welington Fernandes da Silva<\/td><td>Sonora Ribeiro<\/td><td>M\u00fasica<\/td><td>60<\/td><\/tr><tr><td>22<\/td><td>Vin\u00edcius Mendes de carvalho<\/td><td>Fasc\u00ednio L\u00edrico<\/td><td>M\u00fasica<\/td><td>60<\/td><\/tr><tr><td>23<\/td><td>Taynara Duarte Ribeiro<\/td><td>Forr\u00f3 de Beira Rio<\/td><td>M\u00fasica<\/td><td>60<\/td><\/tr><tr><td>24<\/td><td>Rodney Campos<\/td><td>Rodney Campos<\/td><td>M\u00fasica<\/td><td>59<\/td><\/tr><tr><td>25<\/td><td>Washington Rodrigues da Silva<\/td><td>Banda Forr\u00f3 Mixx<\/td><td>M\u00fasica<\/td><td>58<\/td><\/tr><tr><td>26<\/td><td>Nadia Silva Moreno Gomes<\/td><td>Coral Vozes do Pantanal<\/td><td>M\u00fasica<\/td><td>57<\/td><\/tr><tr><td>27<\/td><td>Rafael Rocha Bonfim<\/td><td>Lh\u00e9u vinicius<\/td><td>M\u00fasica<\/td><td>57<\/td><\/tr><tr><td>28<\/td><td>Matheus Maia Gomes<\/td><td>Dj Maia<\/td><td>M\u00fasica<\/td><td>56<\/td><\/tr><tr><td>29<\/td><td>Ot\u00e1vio Augusto Gon\u00e7alves Silva.<\/td><td>Ot\u00e1vio Augusto<\/td><td>M\u00fasica<\/td><td>56<\/td><\/tr><tr><td>30<\/td><td>Pedro Luiz Mateus de Oliveira<\/td><td>Banda \u00d3rion<\/td><td>M\u00fasica<\/td><td>55<\/td><\/tr><tr><td>31&nbsp;<\/td><td>Cleverson Cristo Ara\u00fajo<\/td><td>Cleverson Cristo e Banda<\/td><td>M\u00fasica<\/td><td>55<\/td><\/tr><tr><td>32<\/td><td>Jos\u00e9 Carlos Menacho Tramarin de Oliveira Carvalho<\/td><td>DJ Moreno<\/td><td>M\u00fasica<\/td><td>55<\/td><\/tr><tr><td>33<\/td><td>Lucas Pires R\u00e9gis de Lima<\/td><td>Savana Records<\/td><td>M\u00fasica<\/td><td>55<\/td><\/tr><tr><td>34<\/td><td>Wellington Jos\u00e9 da Silva Santana<\/td><td>Z\u00e9 Henrique cantor<\/td><td>M\u00fasica<\/td><td>54<\/td><\/tr><tr><td>35<\/td><td>Vitor da Concei\u00e7\u00e3o Florindo Rocha.<\/td><td>&nbsp;<\/td><td>M\u00fasica<\/td><td>51<\/td><\/tr><tr><td>36<\/td><td>&nbsp;Fernando Aires Garcia<\/td><td>Dj Fernando<\/td><td>M\u00fasica<\/td><td>50<\/td><\/tr><tr><td>37<\/td><td>Igor Passos Velozo<\/td><td>Igor Velozo<\/td><td>M\u00fasica<\/td><td>50<\/td><\/tr><tr><td>38<\/td><td>Oscar Ortega da Rocha Barros<\/td><td>Hops 383<\/td><td>M\u00fasica<\/td><td>50<\/td><\/tr><tr><td>39<\/td><td><a>Rodrigo Gomes Guimar\u00e3es<\/a><\/td><td>Cada da M\u00fasica Live Show<\/td><td>M\u00fasica<\/td><td>47<\/td><\/tr><tr><td>40<\/td><td>Yanderson duarte&nbsp;<\/td><td>Suwng bom<\/td><td>M\u00fasica<\/td><td>47<\/td><\/tr><tr><td>41<\/td><td>Cicero da Silva<\/td><td>Cleomar dos Teclados<\/td><td>M\u00fasica<\/td><td>42<\/td><\/tr><tr><td>42<\/td><td>Amir Fonseca Montecchi<\/td><td>Amir Montecchi<\/td><td>M\u00fasica<\/td><td>40<\/td><\/tr><tr><td>43<\/td><td>William Thiago de Souza Oliveira<\/td><td>Thiago Souza<\/td><td>M\u00fasica<\/td><td>40<\/td><\/tr><tr><td>44<\/td><td>Vinicius da silva oliveira<\/td><td>Pagode do vini<\/td><td>M\u00fasica<\/td><td>40<\/td><\/tr><tr><td>45<\/td><td>Abner Alves de Miranda<\/td><td>Abner<\/td><td>M\u00fasica<\/td><td>39<\/td><\/tr><tr><td>46<\/td><td>Anna Luiza da Silva Barbora<\/td><td>Anna e Helder<\/td><td>M\u00fasica<\/td><td>37<\/td><\/tr><tr><td>47<\/td><td>Emanoely Albuquerque Martos de Moraes<\/td><td>Manu e Oscar<\/td><td>M\u00fasica<\/td><td>33<\/td><\/tr><tr><td>48<\/td><td><a>Jo\u00e3o Goulart costa<\/a><\/td><td>Gugu dos Teclados e Banda<\/td><td>M\u00fasica<\/td><td>25<\/td><\/tr><tr><td>49<\/td><td>Kalebe Neves Firmino<\/td><td>Kalebe Neves<\/td><td>M\u00fasica<\/td><td>22<\/td><\/tr><tr><td>50<\/td><td><a>Jo\u00e3o Batista da Silva<\/a><\/td><td>Jo\u00e3o Silva<\/td><td>M\u00fasica<\/td><td>22<\/td><\/tr><tr><td>51<\/td><td><a>Jackson Rodrigues dos Santos<\/a><\/td><td>Jackson Rodrigues<\/td><td>M\u00fasica<\/td><td>13<\/td><\/tr><tr><td colspan=\"5\"><strong>DAN\u00c7A<\/strong><\/td><\/tr><tr><td>52<\/td><td>Associa\u00e7\u00e3o Cultural e Art\u00edstica Vit\u00f3ria regia<\/td><td>Vit\u00f3ria Regia<\/td><td>Dan\u00e7a<\/td><td>65<\/td><\/tr><tr><td>53<\/td><td>Elenir Antunes de Mendon\u00e7a<\/td><td>Grupo Tradi\u00e7\u00e3o<\/td><td>Dan\u00e7a<\/td><td>62<\/td><\/tr><tr><td>54<\/td><td>&nbsp;Aline de Souza Silva<\/td><td>Grupo Siriri e Cururu Pantaneiro<\/td><td>Dan\u00e7a<\/td><td>61<\/td><\/tr><tr><td>55<\/td><td>Silmar do Nascimento Nunes &nbsp;<\/td><td>Arte Movimento Urbano<\/td><td>Dan\u00e7a<\/td><td>59<\/td><\/tr><tr><td>56<\/td><td>Rayane Lemes de Oliveira<\/td><td>Any Lemes<\/td><td>Dan\u00e7a<\/td><td>55<\/td><\/tr><tr><td>57<\/td><td>&nbsp;Instituto digoresteDe Cuiab\u00e1<\/td><td>Grupo de dan\u00e7a lambadeiros de elite<\/td><td>Dan\u00e7a<\/td><td>&nbsp;<\/td><\/tr><tr><td colspan=\"5\"><strong>TEATRO<\/strong><\/td><\/tr><tr><td>58<\/td><td>Karina do nascimento jatob\u00e1<\/td><td>&nbsp;<\/td><td>Teatro<\/td><td>65<\/td><\/tr><tr><td>59<\/td><td>Patricia alves pereira<\/td><td>A tal fruta amarela<\/td><td>Teatro<\/td><td>59<\/td><\/tr><tr><td>60<\/td><td>Ludymilla Da Costa Landes<\/td><td>Plenil\u00fanio<\/td><td>Teatro<\/td><td>55<\/td><\/tr><tr><td>61<\/td><td>Iram de Almeida<\/td><td>Iram de Almeida<\/td><td>Teatro<\/td><td>50<\/td><\/tr><tr><td>62<\/td><td>Dionila Gomes Tavares<\/td><td>Oi Tudo Bem!<\/td><td>Teatro<\/td><td>45<\/td><\/tr><\/tbody><\/table><\/figure>\n","protected":false},"excerpt":{"rendered":"<p>A Prefeitura Municipal de C\u00e1ceres, por meio da Secretaria Municipal de Turismo e Cultura (SMTC), torna p\u00fablica a lista de artistas credenciados nos segmentos de m\u00fasica, dan\u00e7a e teatro. O credenciamento \u00e9 fruto do processo seletivo realizado entre os dias 27 de junho e 11 de julho, que contou com ampla ades\u00e3o de artistas e [&hellip;]<\/p>\n","protected":false},"author":2,"featured_media":1391,"comment_status":"open","ping_status":"open","sticky":false,"template":"","format":"standard","meta":{"footnotes":""},"categories":[1],"tags":[15,17,18,16,14],"class_list":["post-1388","post","type-post","status-publish","format-standard","has-post-thumbnail","hentry","category-sem-categoria","tag-artistas","tag-credenciados","tag-municipal","tag-rodrigues","tag-silva"],"blocksy_meta":[],"_links":{"self":[{"href":"https:\/\/fipe.caceres.mt.gov.br\/index.php?rest_route=\/wp\/v2\/posts\/1388","targetHints":{"allow":["GET"]}}],"collection":[{"href":"https:\/\/fipe.caceres.mt.gov.br\/index.php?rest_route=\/wp\/v2\/posts"}],"about":[{"href":"https:\/\/fipe.caceres.mt.gov.br\/index.php?rest_route=\/wp\/v2\/types\/post"}],"author":[{"embeddable":true,"href":"https:\/\/fipe.caceres.mt.gov.br\/index.php?rest_route=\/wp\/v2\/users\/2"}],"replies":[{"embeddable":true,"href":"https:\/\/fipe.caceres.mt.gov.br\/index.php?rest_route=%2Fwp%2Fv2%2Fcomments&post=1388"}],"version-history":[{"count":0,"href":"https:\/\/fipe.caceres.mt.gov.br\/index.php?rest_route=\/wp\/v2\/posts\/1388\/revisions"}],"wp:featuredmedia":[{"embeddable":true,"href":"https:\/\/fipe.caceres.mt.gov.br\/index.php?rest_route=\/wp\/v2\/media\/1391"}],"wp:attachment":[{"href":"https:\/\/fipe.caceres.mt.gov.br\/index.php?rest_route=%2Fwp%2Fv2%2Fmedia&parent=1388"}],"wp:term":[{"taxonomy":"category","embeddable":true,"href":"https:\/\/fipe.caceres.mt.gov.br\/index.php?rest_route=%2Fwp%2Fv2%2Fcategories&post=1388"},{"taxonomy":"post_tag","embeddable":true,"href":"https:\/\/fipe.caceres.mt.gov.br\/index.php?rest_route=%2Fwp%2Fv2%2Ftags&post=1388"}],"curies":[{"name":"wp","href":"https:\/\/api.w.org\/{rel}","templated":true}]}}