{"id":1338,"date":"2025-07-09T12:00:00","date_gmt":"2025-07-09T16:00:00","guid":{"rendered":"http:\/\/localhost\/fipe\/?p=1338"},"modified":"2025-07-21T17:34:31","modified_gmt":"2025-07-21T21:34:31","slug":"promoters-realizam-tradicional-concurso-musa-da-pesca-no-42o-fipe","status":"publish","type":"post","link":"https:\/\/fipe.caceres.mt.gov.br\/?p=1338","title":{"rendered":"Promoters realizam tradicional concurso Musa da Pesca no 42\u00ba FIPe"},"content":{"rendered":"\n<p><a href=\"https:\/\/www.addtoany.com\/share#url=https%3A%2F%2Fwww.caceres.mt.gov.br%2FNoticias%2FPromoters-realizam-tradicional-concurso-musa-da-pesca-no-42-fipe-10435%2F&amp;title=Promoters%20realizam%20tradicional%20concurso%20Musa%20da%20Pesca%20no%2042%C2%BA%20FIPe%20-%20Prefeitura%20Municipal%20de%20C%C3%A1ceres\"><\/a><\/p>\n\n\n\n<p>A beleza de C\u00e1ceres vai muito al\u00e9m de seus atrativos naturais e da arquitetura encantadora. Ela est\u00e1, sobretudo, na sua gente, um povo pantaneiro acolhedor, com uma mistura \u00fanica de cores, culturas e ess\u00eancias que formam uma popula\u00e7\u00e3o singular e encantadora.<\/p>\n\n\n\n<p>Todos os anos, a cidade elege a Musa da Pesca, que se torna a embaixadora da beleza cacerense durante o Festival Internacional de Pesca Esportiva de C\u00e1ceres (FIPe).<\/p>\n\n\n\n<p>Em sua 42\u00aa edi\u00e7\u00e3o, o concurso est\u00e1 sendo organizado pelos promoters Kleber Fernan e S\u00ednthia Castro, &nbsp;que j\u00e1 foi Musa do FIPe e tamb\u00e9m Miss Beleza C\u00e1ceres. A dupla promete um evento cheio de novidades e com uma produ\u00e7\u00e3o impec\u00e1vel.<\/p>\n\n\n\n<p>De acordo com S\u00ednthia, diversas jovens entre 18 e 25 anos est\u00e3o participando do processo seletivo. Na pr\u00f3xima sexta-feira (11\/07), na Sematur, a comiss\u00e3o organizadora anunciar\u00e1 as 10 finalistas que ir\u00e3o disputar o t\u00edtulo de Musa da Pesca 2025. A grande final acontece no dia 26 de julho, \u00e0s 19h, na Sematur.<\/p>\n\n\n\n<p>\u201cEste ano o evento ser\u00e1 mais inclusivo. O desfile ser\u00e1 ao ar livre e aberto ao p\u00fablico. Contamos com a presen\u00e7a de todos!\u201d, convida S\u00ednthia Castro.<\/p>\n\n\n\n<p>Ela destaca ainda que a vencedora participar\u00e1 de toda a programa\u00e7\u00e3o oficial do FIPe e, ap\u00f3s o festival, cumprir\u00e1 um ano de reinado, representando C\u00e1ceres em concursos, desfiles e eventos diversos.<\/p>\n\n\n\n<p>J\u00e1 Kleber Fernan ressalta que a vencedora receber\u00e1 um pr\u00eamio de R$ 5 mil. \u201cDiferente das edi\u00e7\u00f5es anteriores, o \u00fanico compromisso das candidatas ser\u00e1 o desfile. Estamos cuidando de tudo,&nbsp;roupas, cabelo, maquiagem,&nbsp;para que elas possam brilhar. Podem esperar,&nbsp;vamos realizar um grande evento na escolha da Musa da Pesca do 42\u00ba FIPe\u201d, afirmou.<\/p>\n\n\n\n<p>A Secret\u00e1ria Municipal de Turismo e Cultura, Alessandra Castilho, tamb\u00e9m destacou a relev\u00e2ncia do concurso para o Festival e para a imagem da cidade.<\/p>\n\n\n\n<p>\u201cO concurso Musa da Pesca \u00e9 uma tradi\u00e7\u00e3o que vai muito al\u00e9m da beleza. Ele representa a valoriza\u00e7\u00e3o da nossa identidade cultural, do protagonismo feminino e da for\u00e7a da mulher pantaneira.&nbsp; A Musa \u00e9 uma figura que simboliza o encanto e a diversidade do nosso povo, e sua participa\u00e7\u00e3o no FIPe ajuda a promover C\u00e1ceres como um destino tur\u00edstico completo, com natureza, cultura e pessoas incr\u00edveis\u201d, afirmou Alessandra.<\/p>\n\n\n\n<p><strong>Esdras Crepaldi \/ DRT 940 MT<\/strong><\/p>\n","protected":false},"excerpt":{"rendered":"<p>A beleza de C\u00e1ceres vai muito al\u00e9m de seus atrativos naturais e da arquitetura encantadora. Ela est\u00e1, sobretudo, na sua gente, um povo pantaneiro acolhedor, com uma mistura \u00fanica de cores, culturas e ess\u00eancias que formam uma popula\u00e7\u00e3o singular e encantadora. Todos os anos, a cidade elege a Musa da Pesca, que se torna a [&hellip;]<\/p>\n","protected":false},"author":2,"featured_media":1339,"comment_status":"open","ping_status":"open","sticky":false,"template":"","format":"standard","meta":{"footnotes":""},"categories":[1],"tags":[21,19,20,9,11],"class_list":["post-1338","post","type-post","status-publish","format-standard","has-post-thumbnail","hentry","category-sem-categoria","tag-beleza","tag-ceres","tag-concurso","tag-festival","tag-pesca"],"blocksy_meta":[],"_links":{"self":[{"href":"https:\/\/fipe.caceres.mt.gov.br\/index.php?rest_route=\/wp\/v2\/posts\/1338","targetHints":{"allow":["GET"]}}],"collection":[{"href":"https:\/\/fipe.caceres.mt.gov.br\/index.php?rest_route=\/wp\/v2\/posts"}],"about":[{"href":"https:\/\/fipe.caceres.mt.gov.br\/index.php?rest_route=\/wp\/v2\/types\/post"}],"author":[{"embeddable":true,"href":"https:\/\/fipe.caceres.mt.gov.br\/index.php?rest_route=\/wp\/v2\/users\/2"}],"replies":[{"embeddable":true,"href":"https:\/\/fipe.caceres.mt.gov.br\/index.php?rest_route=%2Fwp%2Fv2%2Fcomments&post=1338"}],"version-history":[{"count":0,"href":"https:\/\/fipe.caceres.mt.gov.br\/index.php?rest_route=\/wp\/v2\/posts\/1338\/revisions"}],"wp:featuredmedia":[{"embeddable":true,"href":"https:\/\/fipe.caceres.mt.gov.br\/index.php?rest_route=\/wp\/v2\/media\/1339"}],"wp:attachment":[{"href":"https:\/\/fipe.caceres.mt.gov.br\/index.php?rest_route=%2Fwp%2Fv2%2Fmedia&parent=1338"}],"wp:term":[{"taxonomy":"category","embeddable":true,"href":"https:\/\/fipe.caceres.mt.gov.br\/index.php?rest_route=%2Fwp%2Fv2%2Fcategories&post=1338"},{"taxonomy":"post_tag","embeddable":true,"href":"https:\/\/fipe.caceres.mt.gov.br\/index.php?rest_route=%2Fwp%2Fv2%2Ftags&post=1338"}],"curies":[{"name":"wp","href":"https:\/\/api.w.org\/{rel}","templated":true}]}}