{"id":1213,"date":"2025-07-01T12:00:00","date_gmt":"2025-07-01T16:00:00","guid":{"rendered":"http:\/\/localhost\/fipe\/?p=1213"},"modified":"2025-07-21T17:34:41","modified_gmt":"2025-07-21T21:34:41","slug":"prefeitura-convida-populacao-a-contribuir-com-fotos-antigas-do-fipe-para-exposicao-na-42a-edicao-do-festival","status":"publish","type":"post","link":"https:\/\/fipe.caceres.mt.gov.br\/?p=1213","title":{"rendered":"Prefeitura convida popula\u00e7\u00e3o a contribuir com fotos antigas do FIPe para exposi\u00e7\u00e3o na 42\u00aa edi\u00e7\u00e3o do festival"},"content":{"rendered":"\n<p><a href=\"https:\/\/www.addtoany.com\/share#url=https%3A%2F%2Fwww.caceres.mt.gov.br%2FNoticias%2FPrefeitura-convida-populacao-a-contribuir-com-fotos-antigas-do-fipe-para-exposicao-na-42-edicao-do-festival-10417%2F&amp;title=Prefeitura%20convida%20popula%C3%A7%C3%A3o%20a%20contribuir%20com%20fotos%20antigas%20do%20FIPe%20para%20exposi%C3%A7%C3%A3o%20na%2042%C2%AA%20edi%C3%A7%C3%A3o%20do%20festival%20-%20Prefeitura%20Municipal%20de%20C%C3%A1ceres\"><\/a><\/p>\n\n\n\n<p>A Secretaria Municipal de Turismo e Cultura de C\u00e1ceres est\u00e1 preparando uma novidade especial para a 42\u00aa edi\u00e7\u00e3o do Festival Internacional de Pesca Esportiva (FIPe), &nbsp;as tendas de exposi\u00e7\u00e3o de artesanato e artes pl\u00e1sticas contar\u00e3o com pain\u00e9is decorativos, formados por fotos hist\u00f3ricas de edi\u00e7\u00f5es anteriores do evento.<\/p>\n\n\n\n<p>A iniciativa tem como objetivo resgatar a mem\u00f3ria do FIPe por meio de imagens que marcaram gera\u00e7\u00f5es e ajudaram a consolidar o festival como o maior de pesca esportiva do Brasil. Para isso, a secret\u00e1ria municipal de Turismo e Cultura e coordenadora geral do festival, Alessandra Castilho, faz um apelo \u00e0 popula\u00e7\u00e3o, quem tiver fotografias antigas do festival pode colaborar com esse projeto enviando os arquivos para o e-mail institucional da pasta,&nbsp;<a href=\"mailto:turismoecultura@caceres.mt.gov.br\">turismoecultura@caceres.mt.gov.br<\/a>&nbsp;, &nbsp;ou entregando pessoalmente na sede da Sematur.<\/p>\n\n\n\n<p>\u201cEsperamos mais uma vez resgatar a mem\u00f3ria de diversos festivais estampando imagens e momentos que marcaram \u00e9pocas diferentes e foram imprescind\u00edveis para o crescimento do nosso FIPe. Sei que a popula\u00e7\u00e3o ama o festival e tem orgulho de fazer parte dessa hist\u00f3ria. Qualquer acervo \u00e9 importante para podermos realizar este projeto. Contamos com nossa gente para deixarmos um dos espa\u00e7os mais visitados com um belo pano de fundo\u201d, destacou Alessandra.<\/p>\n\n\n\n<p>As imagens selecionadas ser\u00e3o impressas em grande formato e compor\u00e3o o cen\u00e1rio das barracas culturais, que recebem milhares de visitantes durante os dias de evento. A a\u00e7\u00e3o integra um conjunto de atividades que visam valorizar a identidade cacerense e preservar o legado do FIPe, que h\u00e1 mais de quatro d\u00e9cadas movimenta o turismo, o com\u00e9rcio e a cultura do munic\u00edpio.<\/p>\n\n\n\n<p><strong>Esdras Crepaldi \/ DRT 940 MT<\/strong><\/p>\n","protected":false},"excerpt":{"rendered":"<p>A Secretaria Municipal de Turismo e Cultura de C\u00e1ceres est\u00e1 preparando uma novidade especial para a 42\u00aa edi\u00e7\u00e3o do Festival Internacional de Pesca Esportiva (FIPe), &nbsp;as tendas de exposi\u00e7\u00e3o de artesanato e artes pl\u00e1sticas contar\u00e3o com pain\u00e9is decorativos, formados por fotos hist\u00f3ricas de edi\u00e7\u00f5es anteriores do evento. A iniciativa tem como objetivo resgatar a mem\u00f3ria [&hellip;]<\/p>\n","protected":false},"author":2,"featured_media":1214,"comment_status":"closed","ping_status":"open","sticky":false,"template":"","format":"standard","meta":{"footnotes":""},"categories":[7],"tags":[27,9,28,26,10],"class_list":["post-1213","post","type-post","status-publish","format-standard","has-post-thumbnail","hentry","category-manchetes","tag-cultura","tag-festival","tag-imagens","tag-popula","tag-turismo"],"blocksy_meta":[],"_links":{"self":[{"href":"https:\/\/fipe.caceres.mt.gov.br\/index.php?rest_route=\/wp\/v2\/posts\/1213","targetHints":{"allow":["GET"]}}],"collection":[{"href":"https:\/\/fipe.caceres.mt.gov.br\/index.php?rest_route=\/wp\/v2\/posts"}],"about":[{"href":"https:\/\/fipe.caceres.mt.gov.br\/index.php?rest_route=\/wp\/v2\/types\/post"}],"author":[{"embeddable":true,"href":"https:\/\/fipe.caceres.mt.gov.br\/index.php?rest_route=\/wp\/v2\/users\/2"}],"replies":[{"embeddable":true,"href":"https:\/\/fipe.caceres.mt.gov.br\/index.php?rest_route=%2Fwp%2Fv2%2Fcomments&post=1213"}],"version-history":[{"count":0,"href":"https:\/\/fipe.caceres.mt.gov.br\/index.php?rest_route=\/wp\/v2\/posts\/1213\/revisions"}],"wp:featuredmedia":[{"embeddable":true,"href":"https:\/\/fipe.caceres.mt.gov.br\/index.php?rest_route=\/wp\/v2\/media\/1214"}],"wp:attachment":[{"href":"https:\/\/fipe.caceres.mt.gov.br\/index.php?rest_route=%2Fwp%2Fv2%2Fmedia&parent=1213"}],"wp:term":[{"taxonomy":"category","embeddable":true,"href":"https:\/\/fipe.caceres.mt.gov.br\/index.php?rest_route=%2Fwp%2Fv2%2Fcategories&post=1213"},{"taxonomy":"post_tag","embeddable":true,"href":"https:\/\/fipe.caceres.mt.gov.br\/index.php?rest_route=%2Fwp%2Fv2%2Ftags&post=1213"}],"curies":[{"name":"wp","href":"https:\/\/api.w.org\/{rel}","templated":true}]}}