{"id":1204,"date":"2025-06-06T12:00:00","date_gmt":"2025-06-06T16:00:00","guid":{"rendered":"http:\/\/localhost\/fipe\/?p=1204"},"modified":"2025-07-21T17:35:12","modified_gmt":"2025-07-21T21:35:12","slug":"caceres-marca-presenca-na-fit-pantanal-e-lanca-oficialmente-o-42o-fipe-festival-internacional-de-pesca-esportiva","status":"publish","type":"post","link":"https:\/\/fipe.caceres.mt.gov.br\/?p=1204","title":{"rendered":"C\u00e1ceres marca presen\u00e7a na FIT Pantanal e lan\u00e7a oficialmente o 42\u00ba FIPe \u2013 Festival Internacional de Pesca Esportiva"},"content":{"rendered":"\n<p><a href=\"https:\/\/www.addtoany.com\/share#url=https%3A%2F%2Fwww.caceres.mt.gov.br%2FNoticias%2FCaceres-marca-presenca-na-fit-pantanal-e-lanca-oficialmente-o-42-fipe---festival-internacional-de-pesca-esportiva-10358%2F&amp;title=C%C3%A1ceres%20marca%20presen%C3%A7a%20na%20FIT%20Pantanal%20e%20lan%C3%A7a%20oficialmente%20o%2042%C2%BA%20FIPe%20%E2%80%93%20Festival%20Internacional%20de%20Pesca%20Esportiva%20-%20Prefeitura%20Municipal%20de%20C%C3%A1ceres\"><\/a><\/p>\n\n\n\n<p>Com um estande tem\u00e1tico repleto de identidade, cultura e beleza natural, o munic\u00edpio de C\u00e1ceres est\u00e1 mais uma vez presente na FIT Pantanal \u2013 Feira Internacional de Turismo do Pantanal, edi\u00e7\u00e3o 2025, &nbsp;que teve in\u00edcio na noite da \u00faltima quinta-feira, 5 de junho, no Centro de Eventos do Pantanal, em Cuiab\u00e1, com a presen\u00e7a do governador Mauro Mendes.<\/p>\n\n\n\n<p>A feira, que \u00e9 aberta ao p\u00fablico, segue at\u00e9 o domingo (08\/06) com uma vasta programa\u00e7\u00e3o voltada \u00e0 promo\u00e7\u00e3o do turismo e cultura mato-grossense.<\/p>\n\n\n\n<p>O espa\u00e7o de C\u00e1ceres destaca o que o munic\u00edpio tem de melhor, sua rica biodiversidade, o artesanato local, atrativos naturais \u00fanicos e, claro, o tradicional FIPe \u2013 Festival Internacional de Pesca Esportiva, que neste ano chega \u00e0 sua 42\u00aa edi\u00e7\u00e3o e ser\u00e1 realizado de 6 a 10 de agosto.<\/p>\n\n\n\n<p>O FIPe, o maior do Brasil na modalidade de pesca esportiva, ser\u00e1 oficialmente lan\u00e7ado durante a feira, aproveitando o grande n\u00famero de municipios e visitantes participando do evento. O lan\u00e7amento contar\u00e1 com a exibi\u00e7\u00e3o de um v\u00eddeo institucional em uma das salas do evento e com uma apresenta\u00e7\u00e3o especial de uma hora, onde C\u00e1ceres poder\u00e1 mostrar todo seu potencial tur\u00edstico, econ\u00f4mico e cultural. Posteirormente, como nos&nbsp;anos anteriores, ele \u00e9 lan\u00e7ado em C\u00e1ceres, j\u00e1 com a grade de shows.<\/p>\n\n\n\n<p>A apresenta\u00e7\u00e3o ser\u00e1 conduzida pela prefeita Eliene Liberato Dias e pela secret\u00e1ria de Turismo e Cultura, Alessandra Castilho. Tamb\u00e9m est\u00e3o previstas tr\u00eas apresenta\u00e7\u00f5es culturais de um grupo folcl\u00f3rico cacerense, que prometem emocionar o p\u00fablico e enaltecer a tradi\u00e7\u00e3o do munic\u00edpio.<\/p>\n\n\n\n<p>Segundo Alessandra Castilho, a participa\u00e7\u00e3o de C\u00e1ceres na FIT Pantanal s\u00f3 foi poss\u00edvel gra\u00e7as ao empenho e \u00e0 vis\u00e3o da prefeita Eliene. \u201cA prefeita tem se mostrado incans\u00e1vel na miss\u00e3o de divulgar C\u00e1ceres. Este espa\u00e7o na feira \u00e9 uma grande oportunidade de mostrar ao Brasil e ao mundo o que temos de mais bonito e aut\u00eantico\u201d, afirmou.<\/p>\n\n\n\n<p>A prefeita Eliene Liberato Dias tamb\u00e9m ressaltou a import\u00e2ncia de eventos como a FIT Pantanal, promovidos pelo Governo do Estado e pelo trade tur\u00edstico. \u201cC\u00e1ceres jamais poderia ficar de fora. Este \u00e9 um momento estrat\u00e9gico para fortalecer nossa imagem como destino tur\u00edstico. Estamos \u00e0s v\u00e9speras do nosso maior evento, o FIPe, e essa vitrine nos permite mostrar tudo o que temos de melhor e atrair ainda mais visitantes\u201d, destacou.<\/p>\n\n\n\n<p>Eliene Liberato concluiu dizendo que a participa\u00e7\u00e3o de C\u00e1ceres, com um estande criativo, apresenta\u00e7\u00f5es culturais e o lan\u00e7amento do FIPe, refor\u00e7a a a import\u00e2ncia da cidade no cen\u00e1rio tur\u00edstico regional e nacional.<\/p>\n\n\n\n<p><strong>Esdras Crepaldi \/ DRT 940 MT<\/strong><\/p>\n","protected":false},"excerpt":{"rendered":"<p>Com um estande tem\u00e1tico repleto de identidade, cultura e beleza natural, o munic\u00edpio de C\u00e1ceres est\u00e1 mais uma vez presente na FIT Pantanal \u2013 Feira Internacional de Turismo do Pantanal, edi\u00e7\u00e3o 2025, &nbsp;que teve in\u00edcio na noite da \u00faltima quinta-feira, 5 de junho, no Centro de Eventos do Pantanal, em Cuiab\u00e1, com a presen\u00e7a do [&hellip;]<\/p>\n","protected":false},"author":2,"featured_media":1205,"comment_status":"closed","ping_status":"open","sticky":false,"template":"","format":"standard","meta":{"footnotes":""},"categories":[1],"tags":[34,19,33,32,35],"class_list":["post-1204","post","type-post","status-publish","format-standard","has-post-thumbnail","hentry","category-sem-categoria","tag-apresenta","tag-ceres","tag-feira","tag-pantanal","tag-stico"],"blocksy_meta":[],"_links":{"self":[{"href":"https:\/\/fipe.caceres.mt.gov.br\/index.php?rest_route=\/wp\/v2\/posts\/1204","targetHints":{"allow":["GET"]}}],"collection":[{"href":"https:\/\/fipe.caceres.mt.gov.br\/index.php?rest_route=\/wp\/v2\/posts"}],"about":[{"href":"https:\/\/fipe.caceres.mt.gov.br\/index.php?rest_route=\/wp\/v2\/types\/post"}],"author":[{"embeddable":true,"href":"https:\/\/fipe.caceres.mt.gov.br\/index.php?rest_route=\/wp\/v2\/users\/2"}],"replies":[{"embeddable":true,"href":"https:\/\/fipe.caceres.mt.gov.br\/index.php?rest_route=%2Fwp%2Fv2%2Fcomments&post=1204"}],"version-history":[{"count":0,"href":"https:\/\/fipe.caceres.mt.gov.br\/index.php?rest_route=\/wp\/v2\/posts\/1204\/revisions"}],"wp:featuredmedia":[{"embeddable":true,"href":"https:\/\/fipe.caceres.mt.gov.br\/index.php?rest_route=\/wp\/v2\/media\/1205"}],"wp:attachment":[{"href":"https:\/\/fipe.caceres.mt.gov.br\/index.php?rest_route=%2Fwp%2Fv2%2Fmedia&parent=1204"}],"wp:term":[{"taxonomy":"category","embeddable":true,"href":"https:\/\/fipe.caceres.mt.gov.br\/index.php?rest_route=%2Fwp%2Fv2%2Fcategories&post=1204"},{"taxonomy":"post_tag","embeddable":true,"href":"https:\/\/fipe.caceres.mt.gov.br\/index.php?rest_route=%2Fwp%2Fv2%2Ftags&post=1204"}],"curies":[{"name":"wp","href":"https:\/\/api.w.org\/{rel}","templated":true}]}}