{"id":1794,"date":"2024-07-02T10:47:08","date_gmt":"2024-07-02T14:47:08","guid":{"rendered":"https:\/\/fipe.caceres.mt.gov.br\/?p=1794"},"modified":"2024-07-02T10:47:09","modified_gmt":"2024-07-02T14:47:09","slug":"prefeitura-acelera-preparativos-para-o-festival-internacional-de-pesca-esportiva-de-caceres","status":"publish","type":"post","link":"https:\/\/fipe.caceres.mt.gov.br\/41\/2024\/07\/02\/prefeitura-acelera-preparativos-para-o-festival-internacional-de-pesca-esportiva-de-caceres\/","title":{"rendered":"Prefeitura acelera preparativos para o Festival Internacional de Pesca Esportiva de C\u00e1ceres"},"content":{"rendered":"\n<p>A Prefeitura de C\u00e1ceres, por meio da Secretaria de Turismo e Cultura, est\u00e1 a todo vapor com a montagem da estrutura para o tradicional Festival Internacional de Pesca Esportiva (FIPe), que este ano acontecer\u00e1 de 02 a 07 de julho.<\/p>\n\n\n\n<p>Segundo o coordenador geral do FIPe, a expectativa \u00e9 que toda a estrutura f\u00edsica de palcos e estandes esteja pronta at\u00e9 o dia 02 de julho, bem antes da abertura oficial do evento, programada para \u00e0s 19 horas no audit\u00f3rio Maria Sophia Leite. &#8220;A Prefeitura est\u00e1 organizando um grande festival para celebrar os 41 anos do FIPe, e n\u00e3o temos medido esfor\u00e7os para que tudo esteja pronto e muito bonito para receber os cacerenses e visitantes,&#8221; comentou<\/p>\n\n\n\n<p>Este ano, o evento contar\u00e1 com uma mega estrutura, distribu\u00edda por diversos espa\u00e7os como a Pra\u00e7a Bar\u00e3o, a Sematur, a praia do Daveron, a pra\u00e7a de eventos e a arena de shows. &#8220;Ser\u00e3o cinco palcos, muitas atra\u00e7\u00f5es, centenas de expositores e, o melhor de tudo, muita pesca esportiva,&#8221; destacou.<\/p>\n\n\n\n<p>O coordenador de Cultura, enfatizou a import\u00e2ncia das apresenta\u00e7\u00f5es locais, musicais e art\u00edsticas, al\u00e9m das exposi\u00e7\u00f5es de artesanato e artes visuais, que valorizam a cultura cacerense e engrandecem o FIPe. &#8220;Os shows, nacionais e regionais, que ser\u00e3o gratuitos, tamb\u00e9m s\u00e3o grandes atrativos. Aguardem esta grande programa\u00e7\u00e3o, que come\u00e7a amanh\u00e3 &#8220;, valorizou.<\/p>\n\n\n\n<p>Com uma programa\u00e7\u00e3o diversificada e uma estrutura grandiosa, o Festival Internacional de Pesca Esportiva de C\u00e1ceres promete ser um evento inesquec\u00edvel, celebrando a tradi\u00e7\u00e3o e a cultura da regi\u00e3o.<\/p>\n\n\n\n<p>Para mais informa\u00e7\u00f5es e atualiza\u00e7\u00f5es, visite o site oficial do festival.<\/p>\n\n\n\n<p>fipe.caceres.mt.gov.br<\/p>\n\n\n\n<p><strong>Esdras Crepaldi \/ FIPe<\/strong><\/p>\n","protected":false},"excerpt":{"rendered":"<p>A Prefeitura de C\u00e1ceres, por meio da Secretaria de Turismo e Cultura, est\u00e1 a todo vapor com a montagem da estrutura para o tradicional Festival Internacional de Pesca Esportiva (FIPe), que este ano acontecer\u00e1 de 02 a 07 de julho. Segundo o coordenador geral do FIPe, a expectativa \u00e9 que toda a estrutura f\u00edsica de [&hellip;]<\/p>\n","protected":false},"author":1,"featured_media":1795,"comment_status":"open","ping_status":"open","sticky":false,"template":"","format":"standard","meta":{"footnotes":""},"categories":[1],"tags":[],"class_list":["post-1794","post","type-post","status-publish","format-standard","has-post-thumbnail","hentry","category-sem-categoria"],"blocksy_meta":[],"_links":{"self":[{"href":"https:\/\/fipe.caceres.mt.gov.br\/41\/wp-json\/wp\/v2\/posts\/1794","targetHints":{"allow":["GET"]}}],"collection":[{"href":"https:\/\/fipe.caceres.mt.gov.br\/41\/wp-json\/wp\/v2\/posts"}],"about":[{"href":"https:\/\/fipe.caceres.mt.gov.br\/41\/wp-json\/wp\/v2\/types\/post"}],"author":[{"embeddable":true,"href":"https:\/\/fipe.caceres.mt.gov.br\/41\/wp-json\/wp\/v2\/users\/1"}],"replies":[{"embeddable":true,"href":"https:\/\/fipe.caceres.mt.gov.br\/41\/wp-json\/wp\/v2\/comments?post=1794"}],"version-history":[{"count":0,"href":"https:\/\/fipe.caceres.mt.gov.br\/41\/wp-json\/wp\/v2\/posts\/1794\/revisions"}],"wp:featuredmedia":[{"embeddable":true,"href":"https:\/\/fipe.caceres.mt.gov.br\/41\/wp-json\/wp\/v2\/media\/1795"}],"wp:attachment":[{"href":"https:\/\/fipe.caceres.mt.gov.br\/41\/wp-json\/wp\/v2\/media?parent=1794"}],"wp:term":[{"taxonomy":"category","embeddable":true,"href":"https:\/\/fipe.caceres.mt.gov.br\/41\/wp-json\/wp\/v2\/categories?post=1794"},{"taxonomy":"post_tag","embeddable":true,"href":"https:\/\/fipe.caceres.mt.gov.br\/41\/wp-json\/wp\/v2\/tags?post=1794"}],"curies":[{"name":"wp","href":"https:\/\/api.w.org\/{rel}","templated":true}]}}