{"id":1776,"date":"2024-06-27T14:24:52","date_gmt":"2024-06-27T18:24:52","guid":{"rendered":"https:\/\/fipe.caceres.mt.gov.br\/?p=1776"},"modified":"2024-06-27T14:24:52","modified_gmt":"2024-06-27T18:24:52","slug":"apac-e-artemat-estarao-no-41o-fipe-para-apresentar-artesanato-e-artes-plasticas-de-mato-grosso","status":"publish","type":"post","link":"https:\/\/fipe.caceres.mt.gov.br\/41\/2024\/06\/27\/apac-e-artemat-estarao-no-41o-fipe-para-apresentar-artesanato-e-artes-plasticas-de-mato-grosso\/","title":{"rendered":"APAC e ARTEMAT estar\u00e3o no 41\u00ba FIPe para apresentar artesanato e artes pl\u00e1sticas de Mato grosso"},"content":{"rendered":"\n<p>Mantendo a tradi\u00e7\u00e3o de destacar a cultura local e regional, o 41\u00ba Festival Internacional de Pesca Esportiva de C\u00e1ceres (FIPe) fomenta e divulga a cultura com suas feiras de artesanato e artes visuais, apresenta\u00e7\u00f5es folcl\u00f3ricas e com o museu municipal Em\u00edlia Darci Cuyabano.<\/p>\n\n\n\n<p>Segundo o coordenador Hist\u00f3rico e Cultural, Ricardo Vanini, em uma a\u00e7\u00e3o conjunta entre a Prefeitura e a Associa\u00e7\u00e3o Pantaneira dos Artes\u00e3os de C\u00e1ceres (APAC), que tem como presidente Carlinhos Viana, o artesanato local e estadual vai ser amplamente divulgado no FIPe. &#8220;As feiras s\u00e3o uma forma de valorizarmos a cultura e a identidade de nosso povo, de mostrarmos a arte feita com as m\u00e3os, que evidenciam aspectos culturais de nossa terra\u201d, destaca Vanini.<\/p>\n\n\n\n<p>Artes\u00e3os filiados \u00e0 APAC e aut\u00f4nomos ir\u00e3o expor seus trabalhos.<\/p>\n\n\n\n<p>Al\u00e9m do artesanato, Ricardo ressalta a import\u00e2ncia da parceria cultural com a ARTEMAT (Associa\u00e7\u00e3o dos Artistas Pl\u00e1sticos do Estado de Mato Grosso), presidida pelo artista Carlos Alberto Bosqu\u00ea. A ARTEMAT est\u00e1 coordenando a exposi\u00e7\u00e3o de obras de artistas locais e estaduais, oficinas, e promovendo a presen\u00e7a de autores renomados e premiados das artes pl\u00e1sticas e visuais no evento. &#8220;Essa parceria, que j\u00e1 foi um sucesso no FIPe 40, est\u00e1 novamente &nbsp;firmada para este ano. Aguardem que vem um acervo riqu\u00edssimo&#8221;, afirma Vanini.<\/p>\n\n\n\n<p>O secret\u00e1rio de Turismo e Cultura, Cl\u00e1udio Henrique Donatoni, tamb\u00e9m enaltece a diversidade e a riqueza do artesanato e das obras de arte da regi\u00e3o de C\u00e1ceres. &#8220;Quem quiser conhecer, \u00e9 s\u00f3 visitar as feiras durante o Festival Internacional de Pesca Esportiva de C\u00e1ceres, que acontece de 02 a 07 de julho. As exposi\u00e7\u00f5es mostram para a popula\u00e7\u00e3o o artesanato pantaneiro e as obras dos artistas pl\u00e1sticos locais e de Mato Grosso, que v\u00eam expor suas cria\u00e7\u00f5es e agregar valores culturais ao FIPe&#8221;, observa Donatoni.<\/p>\n\n\n\n<p>Ele ainda destaca a import\u00e2ncia da cultura como produto tur\u00edstico para C\u00e1ceres. &#8220;A cultura tem uma import\u00e2ncia fundamental para C\u00e1ceres e contribui significativamente para o turismo da regi\u00e3o&#8221;, avalia.<\/p>\n\n\n\n<p>A prefeita Eliene Liberato Dias sublinha a relev\u00e2ncia de repetir essa parceria no Festival de Pesca Esportiva de C\u00e1ceres com artes\u00e3os e artistas pl\u00e1sticos. \u201cEstas feiras atraem muitos visitantes e contribuem para o sucesso do evento, apresentando \u00e0 popula\u00e7\u00e3o local e aos turistas os diferentes produtos artesanais confeccionados aqui e em todo o estado de Mato Grosso. O museu tamb\u00e9m \u00e9 uma oportunidade de visitarmos o passado e conhecermos a hist\u00f3ria de C\u00e1ceres e do Festival\u201d, destaca Eliene.<\/p>\n\n\n\n<p>No museu Em\u00edlia Darci as pessoas ter\u00e3o oportunidade e prestigiar durante o FIPe as exposi\u00e7\u00f5es \u201cMT Expedition 1931\u201d e Alexander Daveron \u201cVida e Atividades\u201d.<\/p>\n\n\n\n<p>Com a jun\u00e7\u00e3o de esfor\u00e7os entre a Prefeitura, APAC e ARTEMAT, o FIPe continua a ser um importante palco para a valoriza\u00e7\u00e3o da cultura regional, evidenciando a riqueza do artesanato e das artes pl\u00e1sticas de Mato Grosso e proporcionando uma experi\u00eancia cultural \u00fanica para todos os visitantes.<\/p>\n\n\n\n<p><strong>Esdras Crepaldi\/FIPe<\/strong><\/p>\n","protected":false},"excerpt":{"rendered":"<p>Mantendo a tradi\u00e7\u00e3o de destacar a cultura local e regional, o 41\u00ba Festival Internacional de Pesca Esportiva de C\u00e1ceres (FIPe) fomenta e divulga a cultura com suas feiras de artesanato e artes visuais, apresenta\u00e7\u00f5es folcl\u00f3ricas e com o museu municipal Em\u00edlia Darci Cuyabano. Segundo o coordenador Hist\u00f3rico e Cultural, Ricardo Vanini, em uma a\u00e7\u00e3o conjunta [&hellip;]<\/p>\n","protected":false},"author":1,"featured_media":1777,"comment_status":"open","ping_status":"open","sticky":false,"template":"","format":"standard","meta":{"footnotes":""},"categories":[1],"tags":[],"class_list":["post-1776","post","type-post","status-publish","format-standard","has-post-thumbnail","hentry","category-sem-categoria"],"blocksy_meta":[],"_links":{"self":[{"href":"https:\/\/fipe.caceres.mt.gov.br\/41\/wp-json\/wp\/v2\/posts\/1776","targetHints":{"allow":["GET"]}}],"collection":[{"href":"https:\/\/fipe.caceres.mt.gov.br\/41\/wp-json\/wp\/v2\/posts"}],"about":[{"href":"https:\/\/fipe.caceres.mt.gov.br\/41\/wp-json\/wp\/v2\/types\/post"}],"author":[{"embeddable":true,"href":"https:\/\/fipe.caceres.mt.gov.br\/41\/wp-json\/wp\/v2\/users\/1"}],"replies":[{"embeddable":true,"href":"https:\/\/fipe.caceres.mt.gov.br\/41\/wp-json\/wp\/v2\/comments?post=1776"}],"version-history":[{"count":0,"href":"https:\/\/fipe.caceres.mt.gov.br\/41\/wp-json\/wp\/v2\/posts\/1776\/revisions"}],"wp:featuredmedia":[{"embeddable":true,"href":"https:\/\/fipe.caceres.mt.gov.br\/41\/wp-json\/wp\/v2\/media\/1777"}],"wp:attachment":[{"href":"https:\/\/fipe.caceres.mt.gov.br\/41\/wp-json\/wp\/v2\/media?parent=1776"}],"wp:term":[{"taxonomy":"category","embeddable":true,"href":"https:\/\/fipe.caceres.mt.gov.br\/41\/wp-json\/wp\/v2\/categories?post=1776"},{"taxonomy":"post_tag","embeddable":true,"href":"https:\/\/fipe.caceres.mt.gov.br\/41\/wp-json\/wp\/v2\/tags?post=1776"}],"curies":[{"name":"wp","href":"https:\/\/api.w.org\/{rel}","templated":true}]}}