{"id":1773,"date":"2024-06-27T14:23:59","date_gmt":"2024-06-27T18:23:59","guid":{"rendered":"https:\/\/fipe.caceres.mt.gov.br\/?p=1773"},"modified":"2024-06-27T14:23:59","modified_gmt":"2024-06-27T18:23:59","slug":"ggim-forcas-armadas-orgaos-de-seguranca-ministerio-publico-e-prefeitura-se-reunem-para-tratar-de-seguranca-no-fipe","status":"publish","type":"post","link":"https:\/\/fipe.caceres.mt.gov.br\/41\/2024\/06\/27\/ggim-forcas-armadas-orgaos-de-seguranca-ministerio-publico-e-prefeitura-se-reunem-para-tratar-de-seguranca-no-fipe\/","title":{"rendered":"GGIM: For\u00e7as armadas, \u00f3rg\u00e3os de seguran\u00e7a, minist\u00e9rio p\u00fablico e prefeitura se re\u00fanem para tratar de seguran\u00e7a no FIPe"},"content":{"rendered":"\n<p>Representantes dos \u00f3rg\u00e3os de seguran\u00e7a de C\u00e1ceres e das For\u00e7as Armadas se reuniram nesta quinta-feira, 26, no gabinete da prefeita Eliene Liberato Dias, para o encontro mensal do GGIM (Gabinete de Gest\u00e3o Integrada Municipal). Na pauta, a seguran\u00e7a do 41\u00ba Festival Internacional de Pesca Esportiva.<\/p>\n\n\n\n<p>Participaram membros da prefeitura, Minist\u00e9rio P\u00fablico, Ex\u00e9rcito, Marinha, Pol\u00edcia Federal, Pol\u00edcia Rodovi\u00e1ria Federal, Pol\u00edcia Civil, Pol\u00edcia Militar, Politec, Gefron e Corpo de Bombeiros.<\/p>\n\n\n\n<p>A prefeita Eliene Liberato Dias destacou que a reuni\u00e3o do GGIM foi fundamental para planejar a\u00e7\u00f5es integradas que garantam a mobilidade, seguran\u00e7a e ordem durante a realiza\u00e7\u00e3o do maior evento tur\u00edstico e de pesca esportiva de Mato Grosso. \u201cCada \u00f3rg\u00e3o presente hoje apresentou seu planejamento e como poderia contribuir, para que desta forma possamos ter a\u00e7\u00f5es preventivas, e, se necess\u00e1rio, ostensivas durante o evento, para manter a seguran\u00e7a e o bem-estar dos participantes\u201d, ressaltou a prefeita.<\/p>\n\n\n\n<p>O Corpo de Bombeiros acompanhar\u00e1 a montagem da estrutura do FIPe e realizar\u00e1 a fiscaliza\u00e7\u00e3o dos alvar\u00e1s e normas de seguran\u00e7a. Os servi\u00e7os de intelig\u00eancia j\u00e1 est\u00e3o trabalhando em parceria para antecipar poss\u00edveis situa\u00e7\u00f5es de risco durante o evento. A Pol\u00edcia Militar estar\u00e1 fazendo rondas antes e durante o festival nas ruas pr\u00f3ximas \u00e0 pra\u00e7a da SICMATUR, participando tanto da seguran\u00e7a externa quanto interna do evento.<\/p>\n\n\n\n<p>Segundo o Dr. Higo Rafael, Delegado da Pol\u00edcia Civil, investigadores estar\u00e3o presentes no evento. \u201cVamos disponibilizar investigadores para o evento, a fim de identificar algo que possa acontecer, trabalhando com os setores de intelig\u00eancia aqui em C\u00e1ceres para fazer um trabalho preventivo\u201d, explicou.<\/p>\n\n\n\n<p>A Marinha acompanhar\u00e1 as competi\u00e7\u00f5es e prestar\u00e1 a seguran\u00e7a naval do evento, com uma esta\u00e7\u00e3o r\u00e1dio e embarca\u00e7\u00f5es, realizando tamb\u00e9m a fiscaliza\u00e7\u00e3o das embarca\u00e7\u00f5es e piloteiros. O Ex\u00e9rcito tamb\u00e9m se colocou \u00e0 disposi\u00e7\u00e3o para eventuais necessidades.<\/p>\n\n\n\n<p>O Tenente-Coronel Luiz Marcelo, da Pol\u00edcia Militar, enfatizou a import\u00e2ncia da integra\u00e7\u00e3o entre os \u00f3rg\u00e3os. \u201cA Pol\u00edcia Militar est\u00e1 comprometida em garantir a seguran\u00e7a de todos os participantes. Estamos coordenando a\u00e7\u00f5es com os demais \u00f3rg\u00e3os de seguran\u00e7a para assegurar que o evento ocorra sem incidentes. A presen\u00e7a ostensiva da pol\u00edcia, aliada ao trabalho de intelig\u00eancia, ser\u00e1 crucial para proporcionar um ambiente seguro e tranquilo para todos\u201d, afirmou o Tennte-Coronel.<\/p>\n\n\n\n<p>\u201cCom o apoio destes \u00f3rg\u00e3os de seguran\u00e7a, temos mais um motivo para acreditar que este ser\u00e1 um dos maiores Festivais de Pesca j\u00e1 realizados em C\u00e1ceres. Temos atra\u00e7\u00f5es de n\u00edvel nacional, al\u00e9m de uma excelente premia\u00e7\u00e3o nas competi\u00e7\u00f5es, atividades esportivas, culturais e educativas ambientais. As fam\u00edlias cacerenses e os visitantes podem participar do evento com tranquilidade, pois saber\u00e3o que estar\u00e3o em seguran\u00e7a\u201d, observou o secret\u00e1rio de Turismo e Cultura, Cl\u00e1udio Henrique Donatoni.<\/p>\n\n\n\n<p><strong>Esdras Crepaldi<\/strong><\/p>\n","protected":false},"excerpt":{"rendered":"<p>Representantes dos \u00f3rg\u00e3os de seguran\u00e7a de C\u00e1ceres e das For\u00e7as Armadas se reuniram nesta quinta-feira, 26, no gabinete da prefeita Eliene Liberato Dias, para o encontro mensal do GGIM (Gabinete de Gest\u00e3o Integrada Municipal). Na pauta, a seguran\u00e7a do 41\u00ba Festival Internacional de Pesca Esportiva. Participaram membros da prefeitura, Minist\u00e9rio P\u00fablico, Ex\u00e9rcito, Marinha, Pol\u00edcia Federal, [&hellip;]<\/p>\n","protected":false},"author":1,"featured_media":1774,"comment_status":"open","ping_status":"open","sticky":false,"template":"","format":"standard","meta":{"footnotes":""},"categories":[1],"tags":[],"class_list":["post-1773","post","type-post","status-publish","format-standard","has-post-thumbnail","hentry","category-sem-categoria"],"blocksy_meta":[],"_links":{"self":[{"href":"https:\/\/fipe.caceres.mt.gov.br\/41\/wp-json\/wp\/v2\/posts\/1773","targetHints":{"allow":["GET"]}}],"collection":[{"href":"https:\/\/fipe.caceres.mt.gov.br\/41\/wp-json\/wp\/v2\/posts"}],"about":[{"href":"https:\/\/fipe.caceres.mt.gov.br\/41\/wp-json\/wp\/v2\/types\/post"}],"author":[{"embeddable":true,"href":"https:\/\/fipe.caceres.mt.gov.br\/41\/wp-json\/wp\/v2\/users\/1"}],"replies":[{"embeddable":true,"href":"https:\/\/fipe.caceres.mt.gov.br\/41\/wp-json\/wp\/v2\/comments?post=1773"}],"version-history":[{"count":0,"href":"https:\/\/fipe.caceres.mt.gov.br\/41\/wp-json\/wp\/v2\/posts\/1773\/revisions"}],"wp:featuredmedia":[{"embeddable":true,"href":"https:\/\/fipe.caceres.mt.gov.br\/41\/wp-json\/wp\/v2\/media\/1774"}],"wp:attachment":[{"href":"https:\/\/fipe.caceres.mt.gov.br\/41\/wp-json\/wp\/v2\/media?parent=1773"}],"wp:term":[{"taxonomy":"category","embeddable":true,"href":"https:\/\/fipe.caceres.mt.gov.br\/41\/wp-json\/wp\/v2\/categories?post=1773"},{"taxonomy":"post_tag","embeddable":true,"href":"https:\/\/fipe.caceres.mt.gov.br\/41\/wp-json\/wp\/v2\/tags?post=1773"}],"curies":[{"name":"wp","href":"https:\/\/api.w.org\/{rel}","templated":true}]}}