{"id":1743,"date":"2024-06-26T12:56:36","date_gmt":"2024-06-26T16:56:36","guid":{"rendered":"https:\/\/fipe.caceres.mt.gov.br\/?p=1743"},"modified":"2024-06-26T12:56:38","modified_gmt":"2024-06-26T16:56:38","slug":"pre-fipe-prefeitura-promove-semana-de-educacao-ambiental-para-criancas","status":"publish","type":"post","link":"https:\/\/fipe.caceres.mt.gov.br\/41\/2024\/06\/26\/pre-fipe-prefeitura-promove-semana-de-educacao-ambiental-para-criancas\/","title":{"rendered":"Pr\u00e9-FIPe: Prefeitura promove semana de educa\u00e7\u00e3o ambiental para crian\u00e7as"},"content":{"rendered":"\n<p>A Prefeitura de C\u00e1ceres, por meio das secretarias municipais de Turismo e Cultura, Meio Ambiente, e Educa\u00e7\u00e3o, iniciou na manh\u00e3 desta ter\u00e7a-feira (25) a Pr\u00e9-FIPe, Semana de Educa\u00e7\u00e3o Ambiental.<\/p>\n\n\n\n<p>O Festival Internacional de Pesca Esportiva de C\u00e1ceres (FIPe) busca orientar crian\u00e7as e adolescentes sobre a import\u00e2ncia da preserva\u00e7\u00e3o ambiental, garantindo \u00e0s gera\u00e7\u00f5es futuras as mesmas oportunidades que eles t\u00eam. O evento tem como p\u00fablico-alvo crian\u00e7as do ensino fundamental, do 1\u00ba ao 5\u00ba ano, com tem\u00e1ticas voltadas ao meio ambiente e \u00e0 sustentabilidade. Diversos parceiros, como a Unemat, SEMA e o DNIT, participam dos conte\u00fados program\u00e1ticos, que incluem brincadeiras educativas para tornar a capacita\u00e7\u00e3o mais envolvente.<\/p>\n\n\n\n<p>Segundo o coordenador de Meio Ambiente, Dario Diego Senn, o meio ambiente \u00e9 muito complexo, e as atividades l\u00fadicas entret\u00eam e fazem com que as crian\u00e7as assimilem melhor toda a a\u00e7\u00e3o pedag\u00f3gica proposta pela equipe organizadora.<\/p>\n\n\n\n<p>O secret\u00e1rio municipal de Educa\u00e7\u00e3o, Frans\u00e9rgio Piovesan, ressaltou a import\u00e2ncia de integrar a educa\u00e7\u00e3o ambiental aos saberes escolares. &#8216;Acreditamos que ao ensinar nossas crian\u00e7as desde cedo sobre a preserva\u00e7\u00e3o ambiental, estamos formando cidad\u00e3os conscientes e comprometidos com um futuro sustent\u00e1vel. A Pr\u00e9-FIPe \u00e9 uma excelente oportunidade para complementar o aprendizado de sala de aula com atividades pr\u00e1ticas e envolventes'&#8221;, avaliou.<\/p>\n\n\n\n<p>Para o secret\u00e1rio de Turismo e Cultura, Cl\u00e1udio Henrique Donatoni, estas oficinas representam uma oportunidade \u00fanica para as crian\u00e7as aprenderem sobre a import\u00e2ncia da preserva\u00e7\u00e3o ambiental de uma maneira divertida e interativa. \u201cQueremos que elas cres\u00e7am com a consci\u00eancia de que cada pequena a\u00e7\u00e3o conta para a prote\u00e7\u00e3o do nosso planeta\u201d, observou Donatoni.<\/p>\n\n\n\n<p>A prefeita Eliene Liberato Dias destacou o car\u00e1ter preservacionista do FIPe ao adotar o pesque e solte e conscientizar as pessoas da necessidade de proteger os recursos naturais. &#8220;O FIPe n\u00e3o \u00e9 apenas um evento esportivo, \u00e9 uma plataforma para educar nossa comunidade sobre a import\u00e2ncia de cuidar do meio ambiente. Ao adotar o pesque e solte, promovemos uma atitude respons\u00e1vel e sustent\u00e1vel, essencial para a preserva\u00e7\u00e3o das esp\u00e9cies e do nosso ecossistema&#8221;, destacou Eliene.<\/p>\n\n\n\n<p>O Festival Internacional de Pesca Esportiva de C\u00e1ceres acontece este ano de 02 a 07 de julho, com uma diversificada programa\u00e7\u00e3o.<\/p>\n\n\n\n<figure class=\"wp-block-image size-full\"><img fetchpriority=\"high\" decoding=\"async\" width=\"734\" height=\"408\" src=\"https:\/\/fipe.caceres.mt.gov.br\/41\/wp-content\/uploads\/2024\/06\/image-2.png\" alt=\"\" class=\"wp-image-1745\" srcset=\"https:\/\/fipe.caceres.mt.gov.br\/41\/wp-content\/uploads\/2024\/06\/image-2.png 734w, https:\/\/fipe.caceres.mt.gov.br\/41\/wp-content\/uploads\/2024\/06\/image-2-300x167.png 300w\" sizes=\"(max-width: 734px) 100vw, 734px\" \/><\/figure>\n\n\n\n<p><strong>Esdras Crepaldi\/FIPe<\/strong><\/p>\n","protected":false},"excerpt":{"rendered":"<p>A Prefeitura de C\u00e1ceres, por meio das secretarias municipais de Turismo e Cultura, Meio Ambiente, e Educa\u00e7\u00e3o, iniciou na manh\u00e3 desta ter\u00e7a-feira (25) a Pr\u00e9-FIPe, Semana de Educa\u00e7\u00e3o Ambiental. O Festival Internacional de Pesca Esportiva de C\u00e1ceres (FIPe) busca orientar crian\u00e7as e adolescentes sobre a import\u00e2ncia da preserva\u00e7\u00e3o ambiental, garantindo \u00e0s gera\u00e7\u00f5es futuras as mesmas [&hellip;]<\/p>\n","protected":false},"author":1,"featured_media":1744,"comment_status":"open","ping_status":"open","sticky":false,"template":"","format":"standard","meta":{"footnotes":""},"categories":[1],"tags":[],"class_list":["post-1743","post","type-post","status-publish","format-standard","has-post-thumbnail","hentry","category-sem-categoria"],"blocksy_meta":[],"_links":{"self":[{"href":"https:\/\/fipe.caceres.mt.gov.br\/41\/wp-json\/wp\/v2\/posts\/1743","targetHints":{"allow":["GET"]}}],"collection":[{"href":"https:\/\/fipe.caceres.mt.gov.br\/41\/wp-json\/wp\/v2\/posts"}],"about":[{"href":"https:\/\/fipe.caceres.mt.gov.br\/41\/wp-json\/wp\/v2\/types\/post"}],"author":[{"embeddable":true,"href":"https:\/\/fipe.caceres.mt.gov.br\/41\/wp-json\/wp\/v2\/users\/1"}],"replies":[{"embeddable":true,"href":"https:\/\/fipe.caceres.mt.gov.br\/41\/wp-json\/wp\/v2\/comments?post=1743"}],"version-history":[{"count":0,"href":"https:\/\/fipe.caceres.mt.gov.br\/41\/wp-json\/wp\/v2\/posts\/1743\/revisions"}],"wp:featuredmedia":[{"embeddable":true,"href":"https:\/\/fipe.caceres.mt.gov.br\/41\/wp-json\/wp\/v2\/media\/1744"}],"wp:attachment":[{"href":"https:\/\/fipe.caceres.mt.gov.br\/41\/wp-json\/wp\/v2\/media?parent=1743"}],"wp:term":[{"taxonomy":"category","embeddable":true,"href":"https:\/\/fipe.caceres.mt.gov.br\/41\/wp-json\/wp\/v2\/categories?post=1743"},{"taxonomy":"post_tag","embeddable":true,"href":"https:\/\/fipe.caceres.mt.gov.br\/41\/wp-json\/wp\/v2\/tags?post=1743"}],"curies":[{"name":"wp","href":"https:\/\/api.w.org\/{rel}","templated":true}]}}