{"id":1470,"date":"2024-06-18T17:53:06","date_gmt":"2024-06-18T21:53:06","guid":{"rendered":"https:\/\/fipe.caceres.mt.gov.br\/?p=1470"},"modified":"2024-06-18T17:53:07","modified_gmt":"2024-06-18T21:53:07","slug":"41a-edicao-do-fipe-de-caceres-servira-de-modelo-da-pesca-esportiva-para-todo-pais","status":"publish","type":"post","link":"https:\/\/fipe.caceres.mt.gov.br\/41\/2024\/06\/18\/41a-edicao-do-fipe-de-caceres-servira-de-modelo-da-pesca-esportiva-para-todo-pais\/","title":{"rendered":"41\u00aa edi\u00e7\u00e3o do FIPe de C\u00e1ceres servir\u00e1 de modelo da pesca esportiva para todo pa\u00eds"},"content":{"rendered":"\n<p>A 41\u00aa edi\u00e7\u00e3o do Festival Internacional de Pesca Esportiva (FIPe) de C\u00e1ceres, que acontece de 2 a 7 de julho, servir\u00e1 de modelo para realiza\u00e7\u00f5es de eventos dessa natureza, no pa\u00eds. Uma equipe de t\u00e9cnicos do Minist\u00e9rio da Pesca, estar\u00e1 na cidade, desde o primeiro, para observar, copiar e implementar o modelo do festival em outros estados.<\/p>\n\n\n\n<p>A informa\u00e7\u00e3o foi dada pela prefeita Eliene Liberato Dias e o secret\u00e1rio de Turismo e Cultura, Claudio Henrique Donatoni, durante o lan\u00e7amento oficial do evento, na noite de ontem, na sede do Centro de Eventos \u201cMaria Sophia Leite, na secretaria de Turismo e Cultura.<\/p>\n\n\n\n<p>\u201c(O festival) Ser\u00e1 um modelo de pesca esportiva para todo Brasil. T\u00e9cnicos do Minist\u00e9rio da Pesca estar\u00e3o na cidade para observar e copiar o nosso festival\u201d destacou a prefeita. \u201c\u00c9 um reconhecimento de anos de dedica\u00e7\u00e3o e trabalho realizado pela prefeitura, atrav\u00e9s da Secretaria de Turismo e Cultura\u201d completou o secret\u00e1rio Claudio Donotini.<\/p>\n\n\n\n<p>Criado em 1980, o Festival Internacional de Pesca de C\u00e1ceres, \u00e9 considerado, atualmente, um marco no calend\u00e1rio tur\u00edstico de Mato Grosso.<\/p>\n\n\n\n<figure class=\"wp-block-image size-large\"><img fetchpriority=\"high\" decoding=\"async\" width=\"1024\" height=\"768\" src=\"https:\/\/fipe.caceres.mt.gov.br\/41\/wp-content\/uploads\/2024\/06\/image-1024x768.png\" alt=\"\" class=\"wp-image-1471\" srcset=\"https:\/\/fipe.caceres.mt.gov.br\/41\/wp-content\/uploads\/2024\/06\/image-1024x768.png 1024w, https:\/\/fipe.caceres.mt.gov.br\/41\/wp-content\/uploads\/2024\/06\/image-300x225.png 300w, https:\/\/fipe.caceres.mt.gov.br\/41\/wp-content\/uploads\/2024\/06\/image-768x576.png 768w, https:\/\/fipe.caceres.mt.gov.br\/41\/wp-content\/uploads\/2024\/06\/image-1536x1152.png 1536w, https:\/\/fipe.caceres.mt.gov.br\/41\/wp-content\/uploads\/2024\/06\/image.png 1600w\" sizes=\"(max-width: 1024px) 100vw, 1024px\" \/><\/figure>\n\n\n\n<p>Al\u00e9m de promover a cultura, lazer, entretenimento e gastronomia local, o festival tem como principal objetivo a amplia\u00e7\u00e3o da preserva\u00e7\u00e3o ambiental. Sem contar com o aquecimento da economia, atrav\u00e9s do implemento dos neg\u00f3cios com a gera\u00e7\u00e3o de centenas de novos postos de trabalho, durante os dias da festa, em todos os setores do com\u00e9rcio.<\/p>\n\n\n\n<p>O munic\u00edpio se tornar\u00e1 a Capital Nacional da Pesca Esportiva a partir do dia 2, abertura do festival, com a modalidade de PcD \u2013 Pesca para pessoas com Defici\u00eancia.\u00a0 No dia 3 ser\u00e1 a vez da categoria S\u00eanior; dia 4 categoria Infantil; dia 5 categoria Juvenil; dia 6, no per\u00edodo da manh\u00e3 competi\u00e7\u00e3o com caiaque e a tarde prova em canoa.<\/p>\n\n\n\n<p>O \u00e1pice do festival acontece no dia 7 (domingo) com a prova motoriza. S\u00e3o esperadas mais de 300 equipes de pescadores, de todos os estados e algumas at\u00e9 de fora do pa\u00eds.<\/p>\n\n\n\n<p>Promovido pela prefeitura, a realiza\u00e7\u00e3o do FIP, como \u00e9 conhecido, engloba uma s\u00e9rie de institui\u00e7\u00f5es p\u00fablicas e privadas. Al\u00e9m dos governos municipal e estadual, neste ano, o festival volta a contar com apoio do governo federal, atrav\u00e9s do Minist\u00e9rio da Pesca, sem contar com a participa\u00e7\u00e3o de uma serie patroc\u00ednios de empresas privadas.<\/p>\n\n\n\n<figure class=\"wp-block-image size-large\"><img decoding=\"async\" width=\"1024\" height=\"1024\" src=\"https:\/\/fipe.caceres.mt.gov.br\/41\/wp-content\/uploads\/2024\/06\/image-1-1024x1024.png\" alt=\"\" class=\"wp-image-1472\" srcset=\"https:\/\/fipe.caceres.mt.gov.br\/41\/wp-content\/uploads\/2024\/06\/image-1-1024x1024.png 1024w, https:\/\/fipe.caceres.mt.gov.br\/41\/wp-content\/uploads\/2024\/06\/image-1-300x300.png 300w, https:\/\/fipe.caceres.mt.gov.br\/41\/wp-content\/uploads\/2024\/06\/image-1-150x150.png 150w, https:\/\/fipe.caceres.mt.gov.br\/41\/wp-content\/uploads\/2024\/06\/image-1-768x768.png 768w, https:\/\/fipe.caceres.mt.gov.br\/41\/wp-content\/uploads\/2024\/06\/image-1-600x600.png 600w, https:\/\/fipe.caceres.mt.gov.br\/41\/wp-content\/uploads\/2024\/06\/image-1.png 1280w\" sizes=\"(max-width: 1024px) 100vw, 1024px\" \/><\/figure>\n\n\n\n<p>A programa\u00e7\u00e3o art\u00edstica e cultural tamb\u00e9m s\u00e3o destacadas. De acordo com o secret\u00e1rio Claudio Henrique, estar\u00e3o se apresentando no FIP, cerca de 100 atra\u00e7\u00f5es municipais\/regionais. \u201c\u00c9 uma forma de valorizar os talentos do munic\u00edpio e regi\u00e3o. E, todos estar\u00e3o recebendo seus respectivos cach\u00eas\u201d observa assinalando que \u201ca praia do Daveron ser\u00e1 o palco de v\u00e1rias competi\u00e7\u00f5es esportivas\u201d.<\/p>\n\n\n\n<p>Al\u00e9m de atra\u00e7\u00f5es municipais\/regionais o evento contar\u00e1 com apresenta\u00e7\u00f5es de artistas consagrados nacionalmente, como por exemplo as duplas \u201cDiego &amp; Victor Hugo\u201d, \u201cCleber e Cauan\u201d e \u201cDiego e Arnaldo\u201d. \u00a0\u201cVamos oferecer a sociedade momentos de muita alegria, integra\u00e7\u00e3o e socializa\u00e7\u00e3o\u201d afirmou o secret\u00e1rio.<\/p>\n\n\n\n<p>A prefeita Eliene fez quest\u00e3o de destacar o apoio de todos, principalmente dos governos estadual, federal e da empresas privadas. \u201cSem esse apoio n\u00e3o seria poss\u00edvel a realiza\u00e7\u00e3o do nosso festival que se tornou gigante\u201d disse.<\/p>\n\n\n\n<p>Desde de sua cria\u00e7\u00e3o h\u00e1 mais de 40 anos, o FIP vem crescendo e evoluindo. \u00a0Em 1992 o evento tornou-se oficialmente o maior do mundo em pesca embarcada em \u00e1gua doce, conforme registrado no Guinnes Book of Records (Livro dos Records). Em 2017, o festival de pesca foi reconhecido como o maior campeonato nacional s\u00eanior e o maior campeonato de pesca esportiva na categoria infanto-juvenil no pa\u00eds.<\/p>\n\n\n\n<p>Sin\u00e9zio Alc\u00e2ntara \u2013 Express\u00e3o Not\u00edcias<\/p>\n","protected":false},"excerpt":{"rendered":"<p>A 41\u00aa edi\u00e7\u00e3o do Festival Internacional de Pesca Esportiva (FIPe) de C\u00e1ceres, que acontece de 2 a 7 de julho, servir\u00e1 de modelo para realiza\u00e7\u00f5es de eventos dessa natureza, no pa\u00eds. Uma equipe de t\u00e9cnicos do Minist\u00e9rio da Pesca, estar\u00e1 na cidade, desde o primeiro, para observar, copiar e implementar o modelo do festival em [&hellip;]<\/p>\n","protected":false},"author":1,"featured_media":1473,"comment_status":"closed","ping_status":"closed","sticky":false,"template":"","format":"standard","meta":{"footnotes":""},"categories":[7],"tags":[],"class_list":["post-1470","post","type-post","status-publish","format-standard","has-post-thumbnail","hentry","category-informes"],"blocksy_meta":[],"_links":{"self":[{"href":"https:\/\/fipe.caceres.mt.gov.br\/41\/wp-json\/wp\/v2\/posts\/1470","targetHints":{"allow":["GET"]}}],"collection":[{"href":"https:\/\/fipe.caceres.mt.gov.br\/41\/wp-json\/wp\/v2\/posts"}],"about":[{"href":"https:\/\/fipe.caceres.mt.gov.br\/41\/wp-json\/wp\/v2\/types\/post"}],"author":[{"embeddable":true,"href":"https:\/\/fipe.caceres.mt.gov.br\/41\/wp-json\/wp\/v2\/users\/1"}],"replies":[{"embeddable":true,"href":"https:\/\/fipe.caceres.mt.gov.br\/41\/wp-json\/wp\/v2\/comments?post=1470"}],"version-history":[{"count":0,"href":"https:\/\/fipe.caceres.mt.gov.br\/41\/wp-json\/wp\/v2\/posts\/1470\/revisions"}],"wp:featuredmedia":[{"embeddable":true,"href":"https:\/\/fipe.caceres.mt.gov.br\/41\/wp-json\/wp\/v2\/media\/1473"}],"wp:attachment":[{"href":"https:\/\/fipe.caceres.mt.gov.br\/41\/wp-json\/wp\/v2\/media?parent=1470"}],"wp:term":[{"taxonomy":"category","embeddable":true,"href":"https:\/\/fipe.caceres.mt.gov.br\/41\/wp-json\/wp\/v2\/categories?post=1470"},{"taxonomy":"post_tag","embeddable":true,"href":"https:\/\/fipe.caceres.mt.gov.br\/41\/wp-json\/wp\/v2\/tags?post=1470"}],"curies":[{"name":"wp","href":"https:\/\/api.w.org\/{rel}","templated":true}]}}