{"id":3519,"date":"2023-07-10T15:13:21","date_gmt":"2023-07-10T19:13:21","guid":{"rendered":"https:\/\/fipe.caceres.mt.gov.br\/?p=3519"},"modified":"2024-08-06T15:02:02","modified_gmt":"2024-08-06T19:02:02","slug":"categoria-senior-abre-segundo-dia-de-provas-de-pesca-do-fipe-40","status":"publish","type":"post","link":"https:\/\/fipe.caceres.mt.gov.br\/40\/categoria-senior-abre-segundo-dia-de-provas-de-pesca-do-fipe-40\/","title":{"rendered":"Categoria S\u00eanior abre segundo dia de provas de pesca do FIPe 40"},"content":{"rendered":"\n<p>As disputas para as provas de pesca esportiva do 40\u00ba FIPe,&nbsp; categoria &nbsp;S\u00eanior, para participantes acima de 60 anos, aconteceram na manh\u00e3 desta quarta-feira (05\/07) na praia do Daveron, para homens e mulheres.<\/p>\n\n\n\n<p>Os organizadores informaram que as 360 inscri\u00e7\u00f5es disponibilizadas foram efetuadas.<\/p>\n\n\n\n<p>A prova de praia,&nbsp; &nbsp; este ano, reuniu em sua maioria pescadores da comunidade, grande parte do projeto de &nbsp;fortalecimento da pessoa idosa, mantido pela Prefeitura de C\u00e1ceres, atrav\u00e9s da Secretaria Municipal de A\u00e7\u00e3o Social.<\/p>\n\n\n\n<p>A competi\u00e7\u00e3o cumpriu todos os protocolos e foi aberta pela prefeita Eliene Liberato Dias, que deixou uma mensagem de otimismo e incentivo aos pescadores s\u00eaniores.<\/p>\n\n\n\n<p>Prestigiaram o evento o Secret\u00e1rio Nacional da Pesca, Expedito Netto, o vereador Luiz Landim, presidente da C\u00e2mara Municipal de C\u00e1ceres e o Secret\u00e1rio de Turismo Cl\u00e1udio Henrique Donatoni, autoridades patrocinadores e uma multid\u00e3o de pessoas.<\/p>\n\n\n\n<p>Desde as primeiras horas da manh\u00e3, o que se viu foi&nbsp; alegria e a descontra\u00e7\u00e3o dos participantes, que n\u00e3o escondiam a satisfa\u00e7\u00e3o de ter uma prova espec\u00edfica para a melhor idade.<\/p>\n\n\n\n<p>O &nbsp;aposentado Osvaldo da Silva (Hor\u00e1cio),&nbsp; demonstrando que conhecia de &nbsp;pesca, ao capturar 5 &nbsp;peixes, foi o vice-campe\u00e3o. Ele descreveu o momento como&nbsp; sendo um resgate de bons momentos vividos em pescarias realizadas nas aguas do Rio Paraguai. \u201c Trabalhei tanto neste evento como motorista da prefeitura e nunca participei de nenhuma prova de pesca. Foi a primeira vez, estou muito feliz em participar desse evento e ficar em segundo lugar. Sempre esperei por isso\u201d, comemorou Osvaldo.<\/p>\n\n\n\n<p>O grande campe\u00e3o do masculino foi Ant\u00f4nio Alves Bezerra com 810 pontos. \u201cFico muito feliz em levar o pr\u00eamio e o t\u00edtulo de campe\u00e3o do 40\u00ba FIPe.<\/p>\n\n\n\n<p>J\u00e1 a vencedora da prova feminina Maria Iracema de Moraes Abreu, profetizou na hora que chegou que a TV de 43, pr\u00eamio para a campe\u00e3 seria dela. \u201cEstou muito feliz. Tenho f\u00e9 e acreditei que o pr\u00eamio seria meu\u201d, contou Maria.<\/p>\n\n\n\n<p>A Prefeita Eliene Liberato Dias, que passeou pela orla e cumprimentou os participantes disse que momentos como esse \u00e9 que a gratificam e lhe fazem continuar trabalhando com afinco pela popula\u00e7\u00e3o. \u201cIsso \u00e9 mais que uma simples a\u00e7\u00e3o social, \u00e9 inclus\u00e3o, \u00e9 poder &nbsp;proporcionar momentos que eles exer\u00e7am a cidadania com dignidade e participem, com os mesmos direitos dos outros pescadores. Ontem realizamos outra prova inclusiva a PCD e hoje a S\u00eanior. &nbsp;Fico feliz por ver a felicidade estampada nos olhos de cada um. Nossa administra\u00e7\u00e3o tem dado uma aten\u00e7\u00e3o especial aos idosos do munic\u00edpio\u201d, ressaltou Eliene.<\/p>\n\n\n\n<p>O secret\u00e1rio de Turismo Cl\u00e1udio Henrique falou que essa prova \u00e9 muito especial, pois valoriza a pessoas idosa e a insere no rol das provas de pesca do festival. \u201cEsta disputa serve de est\u00edmulo para continuarmos trabalhando para &nbsp;o fortalecimento do Turismo e da Cultura. Foi um sucesso\u201d, concluiu Donatoni.<\/p>\n\n\n\n<p><strong>Resultado feminino<\/strong><\/p>\n\n\n\n<ol class=\"wp-block-list\">\n<li><strong>Maria Iracema de Moraes Abreu<\/strong><\/li>\n\n\n\n<li><strong>Valdete Ribeiro.<\/strong><\/li>\n\n\n\n<li><strong>Ana Ribeiro de Campos Silva<\/strong><\/li>\n\n\n\n<li><strong>Anitta de Campos Soares<\/strong><\/li>\n\n\n\n<li><strong>Creuza Estevino de Faria Bruno<\/strong><\/li>\n\n\n\n<li><strong>Idalina Zanetti Vitorazzii<\/strong><\/li>\n\n\n\n<li><strong>Ant\u00f4nia Augusta de Barros Miranda.<\/strong><\/li>\n\n\n\n<li><strong>Edith Campos de Arruda<\/strong><\/li>\n\n\n\n<li><strong>Miriam Sofia da Cruz Santana<\/strong><\/li>\n\n\n\n<li><strong>Aparecida Nunes Paulino<\/strong><\/li>\n<\/ol>\n\n\n\n<p><strong>Resultado Masculino<\/strong><\/p>\n\n\n\n<ol class=\"wp-block-list\">\n<li><strong>Ant\u00f4nio Alves Bezerra &nbsp;<\/strong><\/li>\n\n\n\n<li><strong>Osvaldo da Silva<\/strong><\/li>\n\n\n\n<li><strong>Ant\u00f4nio Pereira Brand\u00e3o<\/strong><\/li>\n\n\n\n<li><strong>Deniz de Souza Benevides<\/strong><\/li>\n\n\n\n<li><strong>Bento Pereira de Carvalho<\/strong><\/li>\n\n\n\n<li><strong>Carolino Rodrigues Brand\u00e3o<\/strong><\/li>\n\n\n\n<li><strong>Cec\u00edlio Pinto de Miranda<\/strong><\/li>\n\n\n\n<li><strong>Marino Egues<\/strong><\/li>\n\n\n\n<li><strong>&nbsp;Arnaldo dos Santos<\/strong><\/li>\n\n\n\n<li><strong>Jos\u00e9 da Silva Batista<\/strong><\/li>\n<\/ol>\n\n\n\n<p><strong>Autor:<\/strong>\u00a0Esdras Crepaldi<\/p>\n\n\n\n<div class=\"wp-block-gutenverse-image guten-element guten-image guten-NodF7r\"><a class=\"guten-image-wrapper\"><img loading=\"lazy\" decoding=\"async\" class=\"gutenverse-image-box-filled\" src=\"https:\/\/fipe.caceres.mt.gov.br\/40\/wp-content\/uploads\/2023\/07\/5759.jpg\" height=\"900\" width=\"1600\"\/><\/a><\/div>\n","protected":false},"excerpt":{"rendered":"<p>As disputas para as provas de pesca esportiva do 40\u00ba FIPe,&nbsp; categoria &nbsp;S\u00eanior, para participantes acima de 60 anos, aconteceram na manh\u00e3 desta quarta-feira (05\/07) na praia do Daveron, para homens e mulheres. Os organizadores informaram que as 360 inscri\u00e7\u00f5es disponibilizadas foram efetuadas. A prova de praia,&nbsp; &nbsp; este ano, reuniu em sua maioria pescadores da comunidade, grande parte do projeto de &nbsp;fortalecimento da pessoa idosa, mantido pela Prefeitura de C\u00e1ceres, atrav\u00e9s da Secretaria Municipal de A\u00e7\u00e3o Social. A competi\u00e7\u00e3o cumpriu todos os protocolos e foi aberta pela prefeita Eliene Liberato Dias, que deixou uma mensagem de otimismo e incentivo<\/p>\n","protected":false},"author":2,"featured_media":3521,"comment_status":"open","ping_status":"open","sticky":false,"template":"40-post","format":"standard","meta":{"footnotes":""},"categories":[12],"tags":[],"class_list":["post-3519","post","type-post","status-publish","format-standard","has-post-thumbnail","hentry","category-12"],"_links":{"self":[{"href":"https:\/\/fipe.caceres.mt.gov.br\/40\/wp-json\/wp\/v2\/posts\/3519","targetHints":{"allow":["GET"]}}],"collection":[{"href":"https:\/\/fipe.caceres.mt.gov.br\/40\/wp-json\/wp\/v2\/posts"}],"about":[{"href":"https:\/\/fipe.caceres.mt.gov.br\/40\/wp-json\/wp\/v2\/types\/post"}],"author":[{"embeddable":true,"href":"https:\/\/fipe.caceres.mt.gov.br\/40\/wp-json\/wp\/v2\/users\/2"}],"replies":[{"embeddable":true,"href":"https:\/\/fipe.caceres.mt.gov.br\/40\/wp-json\/wp\/v2\/comments?post=3519"}],"version-history":[{"count":1,"href":"https:\/\/fipe.caceres.mt.gov.br\/40\/wp-json\/wp\/v2\/posts\/3519\/revisions"}],"predecessor-version":[{"id":3522,"href":"https:\/\/fipe.caceres.mt.gov.br\/40\/wp-json\/wp\/v2\/posts\/3519\/revisions\/3522"}],"wp:featuredmedia":[{"embeddable":true,"href":"https:\/\/fipe.caceres.mt.gov.br\/40\/wp-json\/wp\/v2\/media\/3521"}],"wp:attachment":[{"href":"https:\/\/fipe.caceres.mt.gov.br\/40\/wp-json\/wp\/v2\/media?parent=3519"}],"wp:term":[{"taxonomy":"category","embeddable":true,"href":"https:\/\/fipe.caceres.mt.gov.br\/40\/wp-json\/wp\/v2\/categories?post=3519"},{"taxonomy":"post_tag","embeddable":true,"href":"https:\/\/fipe.caceres.mt.gov.br\/40\/wp-json\/wp\/v2\/tags?post=3519"}],"curies":[{"name":"wp","href":"https:\/\/api.w.org\/{rel}","templated":true}]}}