{"id":3346,"date":"2023-07-04T13:18:12","date_gmt":"2023-07-04T17:18:12","guid":{"rendered":"https:\/\/fipe.caceres.mt.gov.br\/?p=3346"},"modified":"2024-08-06T15:02:05","modified_gmt":"2024-08-06T19:02:05","slug":"prova-de-pesca-para-pessoas-com-deficiencia-pcd-bate-recorde-nacional-e-apresenta-os-primeiros-campeoes-da-modalidade","status":"publish","type":"post","link":"https:\/\/fipe.caceres.mt.gov.br\/40\/prova-de-pesca-para-pessoas-com-deficiencia-pcd-bate-recorde-nacional-e-apresenta-os-primeiros-campeoes-da-modalidade\/","title":{"rendered":"Prova de pesca para pessoas com defici\u00eancia (PcD) bate recorde nacional e apresenta os primeiros campe\u00f5es da modalidade"},"content":{"rendered":"\n<p>Uma das atra\u00e7\u00f5es do Festival Internacional de Pesca Esportiva de&nbsp; C\u00e1ceres, com a oportunidade dada pela prefeitura para que &nbsp;pessoas com defici\u00eancia participassem das competi\u00e7\u00f5es de pesca, foi a prova PcD.&nbsp;<\/p>\n\n\n\n<p>Uma modalidade para deficientes auditivos, visuais, intelectuais, cadeirantes, amputados e outras defici\u00eancias faz parte das provas de praia&nbsp; e abriu oficialmente hoje pela manh\u00e3, (04\/07) as disputas do 40\u00ba FIPe.<\/p>\n\n\n\n<p>Segundo o Secret\u00e1rio de Turismo da Prefeitura de C\u00e1ceres, Cl\u00e1udio Henrique Donatoni, a defici\u00eancia n\u00e3o \u00e9 uma incapacidade e incluir pessoas com defici\u00eancia no&nbsp; festival de pesca \u00e9 oportunizar \u00e0 elas o direito de se integrar e socializar com outros competidores e o meio ambiente atrav\u00e9s de uma pesca ecologicamente correta.<\/p>\n\n\n\n<p>Para a prefeita Eliene&nbsp; Liberato Dias a inclus\u00e3o de Pessoas com Defici\u00eancia no abre a oportunidade \u00fanica de participa\u00e7\u00e3o na prova de pesca exclusiva para elas, respeitando as diferen\u00e7as e as potencialidades de cada um, al\u00e9m de conscientizar a popula\u00e7\u00e3o a valorizar a PcD como ser social e ativo.<\/p>\n\n\n\n<p>\u201cDemos toda a aten\u00e7\u00e3o, constru\u00edmos&nbsp; um deck para acomodar os cadeirantes e oportunizamos&nbsp; uma melhor acomoda\u00e7\u00e3o aos participantes, tudo com acessibilidade\u201d, noticiou o Eliene.<\/p>\n\n\n\n<p>Ela informou que ao todo 160 pessoas com algum tipo de defici\u00eancia participaram desta prova e este foi um recorde nacional, registrado e validado pelo RankBrasil.<\/p>\n\n\n\n<p>O recorde foi homologado pelo representante do RankBrasil, Luciano Cadari.<\/p>\n\n\n\n<p>Os 10 primeiros classificados receberam bons &nbsp;pr\u00eamios do patrocinador Posto Pedro Neca, entre eles, TV, Micro-ondas, Air Fryer, Fog\u00e3o e M\u00e1quina de Lavar.<\/p>\n\n\n\n<p>Os tr\u00eas primeiros al\u00e9m dos pr\u00eamios, receberam trof\u00e9us.<\/p>\n\n\n\n<p>Conhe\u00e7a os vencedores.<\/p>\n\n\n\n<p><strong>Resultados Pesca PcD<\/strong><\/p>\n\n\n\n<ol class=\"wp-block-list\">\n<li>Jefferson Manoel de Moura Oliveira &nbsp;1040 pontos<\/li>\n\n\n\n<li>Natalino Gabriel Pereira da Silva 540 pontos<\/li>\n\n\n\n<li>Pedro Henrique Martins Ramos 530 pontos<\/li>\n\n\n\n<li>Rafael Mendes de Souza 300 pontos<\/li>\n\n\n\n<li>M\u00e1rcio Lucas Silva Arruda 210 pontos<\/li>\n\n\n\n<li>Alves dos Santos 190 pontos<\/li>\n\n\n\n<li>Marcos Vin\u00edcius de Souza Silva 170 pontos<\/li>\n\n\n\n<li>Ant\u00f4nio Campos do Nascimento 160 pontos<\/li>\n\n\n\n<li>Cl\u00e1udio Alves Pereira Rodrigues 140 pontos<\/li>\n\n\n\n<li>Emerson Leite de Souza 100 pontos<\/li>\n<\/ol>\n\n\n\n<p><strong>Autor:<\/strong>\u00a0Esdras Crepaldi<\/p>\n\n\n\n<div class=\"wp-block-gutenverse-image guten-element guten-image guten-5GLcUy\"><a class=\"guten-image-wrapper\"><img loading=\"lazy\" decoding=\"async\" class=\"gutenverse-image-box-filled\" src=\"https:\/\/fipe.caceres.mt.gov.br\/40\/wp-content\/uploads\/2023\/07\/5737.jpg\" height=\"900\" width=\"1600\"\/><\/a><\/div>\n\n\n\n<p><strong>Autor da Foto:<\/strong>\u00a0Ronivon Barros<\/p>\n","protected":false},"excerpt":{"rendered":"<p>Uma das atra\u00e7\u00f5es do Festival Internacional de Pesca Esportiva de&nbsp; C\u00e1ceres, com a oportunidade dada pela prefeitura para que &nbsp;pessoas com defici\u00eancia participassem das competi\u00e7\u00f5es de pesca, foi a prova PcD.&nbsp; Uma modalidade para deficientes auditivos, visuais, intelectuais, cadeirantes, amputados e outras defici\u00eancias faz parte das provas de praia&nbsp; e abriu oficialmente hoje pela manh\u00e3, (04\/07) as disputas do 40\u00ba FIPe. Segundo o Secret\u00e1rio de Turismo da Prefeitura de C\u00e1ceres, Cl\u00e1udio Henrique Donatoni, a defici\u00eancia n\u00e3o \u00e9 uma incapacidade e incluir pessoas com defici\u00eancia no&nbsp; festival de pesca \u00e9 oportunizar \u00e0 elas o direito de se integrar e socializar com<\/p>\n","protected":false},"author":2,"featured_media":3347,"comment_status":"open","ping_status":"open","sticky":false,"template":"40-post","format":"standard","meta":{"footnotes":""},"categories":[12],"tags":[],"class_list":["post-3346","post","type-post","status-publish","format-standard","has-post-thumbnail","hentry","category-12"],"_links":{"self":[{"href":"https:\/\/fipe.caceres.mt.gov.br\/40\/wp-json\/wp\/v2\/posts\/3346","targetHints":{"allow":["GET"]}}],"collection":[{"href":"https:\/\/fipe.caceres.mt.gov.br\/40\/wp-json\/wp\/v2\/posts"}],"about":[{"href":"https:\/\/fipe.caceres.mt.gov.br\/40\/wp-json\/wp\/v2\/types\/post"}],"author":[{"embeddable":true,"href":"https:\/\/fipe.caceres.mt.gov.br\/40\/wp-json\/wp\/v2\/users\/2"}],"replies":[{"embeddable":true,"href":"https:\/\/fipe.caceres.mt.gov.br\/40\/wp-json\/wp\/v2\/comments?post=3346"}],"version-history":[{"count":1,"href":"https:\/\/fipe.caceres.mt.gov.br\/40\/wp-json\/wp\/v2\/posts\/3346\/revisions"}],"predecessor-version":[{"id":3348,"href":"https:\/\/fipe.caceres.mt.gov.br\/40\/wp-json\/wp\/v2\/posts\/3346\/revisions\/3348"}],"wp:featuredmedia":[{"embeddable":true,"href":"https:\/\/fipe.caceres.mt.gov.br\/40\/wp-json\/wp\/v2\/media\/3347"}],"wp:attachment":[{"href":"https:\/\/fipe.caceres.mt.gov.br\/40\/wp-json\/wp\/v2\/media?parent=3346"}],"wp:term":[{"taxonomy":"category","embeddable":true,"href":"https:\/\/fipe.caceres.mt.gov.br\/40\/wp-json\/wp\/v2\/categories?post=3346"},{"taxonomy":"post_tag","embeddable":true,"href":"https:\/\/fipe.caceres.mt.gov.br\/40\/wp-json\/wp\/v2\/tags?post=3346"}],"curies":[{"name":"wp","href":"https:\/\/api.w.org\/{rel}","templated":true}]}}